{"id":7708,"date":"2024-11-13T15:32:09","date_gmt":"2024-11-13T12:32:09","guid":{"rendered":"https:\/\/birimler.atauni.edu.tr\/arkeoloji\/?p=7708"},"modified":"2024-11-13T15:41:21","modified_gmt":"2024-11-13T12:41:21","slug":"uluslararasi-kultur-varligi-kacakciligiyla-mucadele-gunu","status":"publish","type":"post","link":"https:\/\/atauni.edu.tr\/arkeoloji\/2024\/11\/13\/uluslararasi-kultur-varligi-kacakciligiyla-mucadele-gunu\/","title":{"rendered":"Uluslararas\u0131 K\u00fclt\u00fcr Varl\u0131\u011f\u0131 Ka\u00e7ak\u00e7\u0131l\u0131\u011f\u0131yla M\u00fccadele G\u00fcn\u00fc"},"content":{"rendered":"\t\t<div data-elementor-type=\"wp-post\" data-elementor-id=\"7708\" class=\"elementor elementor-7708\" data-elementor-post-type=\"post\">\n\t\t\t\t\t\t<section class=\"elementor-section elementor-top-section elementor-element elementor-element-4f18388 elementor-section-boxed elementor-section-height-default elementor-section-height-default\" data-id=\"4f18388\" data-element_type=\"section\">\n\t\t\t\t\t\t<div class=\"elementor-container elementor-column-gap-default\">\n\t\t\t\t\t<div class=\"elementor-column elementor-col-100 elementor-top-column elementor-element elementor-element-e4723ff\" data-id=\"e4723ff\" data-element_type=\"column\">\n\t\t\t<div class=\"elementor-widget-wrap elementor-element-populated\">\n\t\t\t\t\t\t<div class=\"elementor-element elementor-element-7d28752 elementor-widget elementor-widget-text-editor\" data-id=\"7d28752\" data-element_type=\"widget\" data-widget_type=\"text-editor.default\">\n\t\t\t\t<div class=\"elementor-widget-container\">\n\t\t\t\t\t\t\t\t\t<p>&nbsp; &nbsp;&#8211; 14 Kas\u0131m tarihi, UNESCO taraf\u0131ndan &#8220;Uluslararas\u0131 K\u00fclt\u00fcr Varl\u0131\u011f\u0131 Ka\u00e7ak\u00e7\u0131l\u0131\u011f\u0131yla M\u00fccadele G\u00fcn\u00fc&#8221; olarak kabul edilmi\u015ftir. Bu sebeple her y\u0131l 14 Kas\u0131mda, UNESCO 1970 S\u00f6zle\u015fmesi&#8217;ne taraf \u00fclkelerde g\u00fcn\u00fcn anlam ve \u00f6nemini vurgulamak amac\u0131yla \u00e7e\u015fitli etkinlikler d\u00fczenlenmektedir.<\/p>\n<p>&nbsp; &#8211; Bu g\u00fcn \u00f6zelinde, Erzurum M\u00fcze M\u00fcd\u00fcrl\u00fc\u011f\u00fcnce, konunun detayl\u0131 olarak ele al\u0131naca\u011f\u0131 bir konferans yap\u0131lmas\u0131 planlanm\u0131\u015ft\u0131r. 14 Kas\u0131m 2024 g\u00fcn\u00fc, Erzurum M\u00fczes Konferans Salonunda d\u00fczenlenecek olan bu konferansa, B\u00f6l\u00fcm Ba\u015fkan\u0131m\u0131z&nbsp; Prof. Dr. Ali Yal\u00e7\u0131n TAVUK\u00c7U&nbsp; ve B\u00f6l\u00fcm \u00d6\u011fretim \u00dcyesi Hocalar\u0131ndan Prof. Mehmet I\u015eIKLI konu\u015fmac\u0131 olarak kat\u0131lacakt\u0131r.&nbsp;<\/p>\t\t\t\t\t\t\t\t<\/div>\n\t\t\t\t<\/div>\n\t\t\t\t\t<\/div>\n\t\t<\/div>\n\t\t\t\t\t<\/div>\n\t\t<\/section>\n\t\t\t\t<section class=\"elementor-section elementor-top-section elementor-element elementor-element-6ca83be elementor-section-boxed elementor-section-height-default elementor-section-height-default\" data-id=\"6ca83be\" data-element_type=\"section\">\n\t\t\t\t\t\t<div class=\"elementor-container elementor-column-gap-default\">\n\t\t\t\t\t<div class=\"elementor-column elementor-col-100 elementor-top-column elementor-element elementor-element-e776734\" data-id=\"e776734\" data-element_type=\"column\">\n\t\t\t<div class=\"elementor-widget-wrap elementor-element-populated\">\n\t\t\t\t\t\t<div class=\"elementor-element elementor-element-19b3cf7 elementor-widget elementor-widget-image\" data-id=\"19b3cf7\" data-element_type=\"widget\" data-widget_type=\"image.default\">\n\t\t\t\t<div class=\"elementor-widget-container\">\n\t\t\t\t\t\t\t\t\t\t\t\t\t\t\t<img fetchpriority=\"high\" decoding=\"async\" width=\"600\" height=\"584\" src=\"https:\/\/atauni.edu.tr\/arkeoloji\/wp-content\/uploads\/sites\/81\/2024\/11\/WhatsApp-Image-2024-11-13-at-15.31.46-e1731501517300-600x584.jpeg\" class=\"attachment-egovt_portfolio_thumb size-egovt_portfolio_thumb wp-image-7709\" alt=\"\" srcset=\"https:\/\/atauni.edu.tr\/arkeoloji\/wp-content\/uploads\/sites\/81\/2024\/11\/WhatsApp-Image-2024-11-13-at-15.31.46-e1731501517300-600x584.jpeg 600w, https:\/\/atauni.edu.tr\/arkeoloji\/wp-content\/uploads\/sites\/81\/2024\/11\/WhatsApp-Image-2024-11-13-at-15.31.46-e1731501517300-300x292.jpeg 300w, https:\/\/atauni.edu.tr\/arkeoloji\/wp-content\/uploads\/sites\/81\/2024\/11\/WhatsApp-Image-2024-11-13-at-15.31.46-e1731501517300-768x747.jpeg 768w, https:\/\/atauni.edu.tr\/arkeoloji\/wp-content\/uploads\/sites\/81\/2024\/11\/WhatsApp-Image-2024-11-13-at-15.31.46-e1731501517300-560x545.jpeg 560w, https:\/\/atauni.edu.tr\/arkeoloji\/wp-content\/uploads\/sites\/81\/2024\/11\/WhatsApp-Image-2024-11-13-at-15.31.46-e1731501517300.jpeg 950w\" sizes=\"(max-width: 600px) 100vw, 600px\" \/>\t\t\t\t\t\t\t\t\t\t\t\t\t\t\t<\/div>\n\t\t\t\t<\/div>\n\t\t\t\t\t<\/div>\n\t\t<\/div>\n\t\t\t\t\t<\/div>\n\t\t<\/section>\n\t\t\t\t<\/div>\n\t\t","protected":false},"excerpt":{"rendered":"<p>&nbsp; &nbsp;&#8211; 14 Kas\u0131m tarihi, UNESCO taraf\u0131ndan &#8220;Uluslararas\u0131 K\u00fclt\u00fcr Varl\u0131\u011f\u0131 Ka\u00e7ak\u00e7\u0131l\u0131\u011f\u0131yla M\u00fccadele G\u00fcn\u00fc&#8221; olarak kabul edilmi\u015ftir. Bu sebeple her y\u0131l 14 Kas\u0131mda, UNESCO 1970 S\u00f6zle\u015fmesi&#8217;ne taraf \u00fclkelerde g\u00fcn\u00fcn anlam ve \u00f6nemini vurgulamak amac\u0131yla \u00e7e\u015fitli etkinlikler d\u00fczenlenmektedir. &nbsp; &#8211; Bu g\u00fcn \u00f6zelinde, Erzurum M\u00fcze M\u00fcd\u00fcrl\u00fc\u011f\u00fcnce, konunun detayl\u0131 olarak ele al\u0131naca\u011f\u0131 bir konferans yap\u0131lmas\u0131 planlanm\u0131\u015ft\u0131r. 14 Kas\u0131m [&hellip;]<\/p>\n","protected":false},"author":444,"featured_media":7714,"comment_status":"closed","ping_status":"closed","sticky":false,"template":"","format":"standard","meta":{"footnotes":""},"categories":[1],"tags":[],"class_list":["post-7708","post","type-post","status-publish","format-standard","has-post-thumbnail","hentry","category-genel"],"_links":{"self":[{"href":"https:\/\/atauni.edu.tr\/arkeoloji\/wp-json\/wp\/v2\/posts\/7708","targetHints":{"allow":["GET"]}}],"collection":[{"href":"https:\/\/atauni.edu.tr\/arkeoloji\/wp-json\/wp\/v2\/posts"}],"about":[{"href":"https:\/\/atauni.edu.tr\/arkeoloji\/wp-json\/wp\/v2\/types\/post"}],"author":[{"embeddable":true,"href":"https:\/\/atauni.edu.tr\/arkeoloji\/wp-json\/wp\/v2\/users\/444"}],"replies":[{"embeddable":true,"href":"https:\/\/atauni.edu.tr\/arkeoloji\/wp-json\/wp\/v2\/comments?post=7708"}],"version-history":[{"count":4,"href":"https:\/\/atauni.edu.tr\/arkeoloji\/wp-json\/wp\/v2\/posts\/7708\/revisions"}],"predecessor-version":[{"id":7713,"href":"https:\/\/atauni.edu.tr\/arkeoloji\/wp-json\/wp\/v2\/posts\/7708\/revisions\/7713"}],"wp:featuredmedia":[{"embeddable":true,"href":"https:\/\/atauni.edu.tr\/arkeoloji\/wp-json\/wp\/v2\/media\/7714"}],"wp:attachment":[{"href":"https:\/\/atauni.edu.tr\/arkeoloji\/wp-json\/wp\/v2\/media?parent=7708"}],"wp:term":[{"taxonomy":"category","embeddable":true,"href":"https:\/\/atauni.edu.tr\/arkeoloji\/wp-json\/wp\/v2\/categories?post=7708"},{"taxonomy":"post_tag","embeddable":true,"href":"https:\/\/atauni.edu.tr\/arkeoloji\/wp-json\/wp\/v2\/tags?post=7708"}],"curies":[{"name":"wp","href":"https:\/\/api.w.org\/{rel}","templated":true}]}}