{"id":8890,"date":"2025-06-17T11:35:06","date_gmt":"2025-06-17T08:35:06","guid":{"rendered":"https:\/\/birimler.atauni.edu.tr\/ataturk-ilkeleri-ve-inkilap-tarihi-enstitusu\/?p=8890"},"modified":"2025-06-17T13:42:11","modified_gmt":"2025-06-17T10:42:11","slug":"19-haziran-2025","status":"publish","type":"post","link":"https:\/\/atauni.edu.tr\/ataturk-ilkeleri-ve-inkilap-tarihi-enstitusu\/19-haziran-2025\/","title":{"rendered":"Y\u00fcksek Lisans Semineri"},"content":{"rendered":"\t\t<div data-elementor-type=\"wp-post\" data-elementor-id=\"8890\" class=\"elementor elementor-8890\" data-elementor-post-type=\"post\">\n\t\t\t\t\t\t<section class=\"elementor-section elementor-top-section elementor-element elementor-element-38418646 elementor-section-boxed elementor-section-height-default elementor-section-height-default\" data-id=\"38418646\" data-element_type=\"section\">\n\t\t\t\t\t\t<div class=\"elementor-container elementor-column-gap-default\">\n\t\t\t\t\t<div class=\"elementor-column elementor-col-100 elementor-top-column elementor-element elementor-element-43bb5fa7\" data-id=\"43bb5fa7\" data-element_type=\"column\">\n\t\t\t<div class=\"elementor-widget-wrap elementor-element-populated\">\n\t\t\t\t\t\t<div class=\"elementor-element elementor-element-4650a91d elementor-widget elementor-widget-text-editor\" data-id=\"4650a91d\" data-element_type=\"widget\" data-widget_type=\"text-editor.default\">\n\t\t\t\t<div class=\"elementor-widget-container\">\n\t\t\t\t\t\t\t\t\t\n<p>Y\u00fcksek Lisans \u00d6\u011frencisi Duygu Canan K\u0131z\u0131l\u0131rmak&#8217;\u0131n &#8220;Osmanl\u0131 D\u00f6neminde Bitlis N\u00fcfus Tarihi&#8221; ba\u015fl\u0131kl\u0131 seminer sunumu yap\u0131lacakt\u0131r. Sunum Saati 11:00&#8217;d\u0131r.<\/p>\n\n<p>Kat\u0131l\u0131m Linki: <a href=\"https:\/\/obs.atauni.edu.tr\/moduller\/sayfa\/info\/canliDersKatilimci\/?Id=38165&amp;BirimId=1757&amp;BireyId=1568913\">https:\/\/obs.atauni.edu.tr\/moduller\/sayfa\/info\/canliDersKatilimci\/?Id=38165&amp;BirimId=1757&amp;BireyId=1568913<\/a><\/p>\n\t\t\t\t\t\t\t\t<\/div>\n\t\t\t\t<\/div>\n\t\t\t\t\t<\/div>\n\t\t<\/div>\n\t\t\t\t\t<\/div>\n\t\t<\/section>\n\t\t\t\t<\/div>\n\t\t","protected":false},"excerpt":{"rendered":"<p>Y\u00fcksek Lisans \u00d6\u011frencisi Duygu Canan K\u0131z\u0131l\u0131rmak&#8217;\u0131n &#8220;Osmanl\u0131 D\u00f6neminde Bitlis N\u00fcfus Tarihi&#8221; ba\u015fl\u0131kl\u0131 seminer sunumu yap\u0131lacakt\u0131r. Sunum Saati 11:00&#8217;d\u0131r. Kat\u0131l\u0131m Linki: https:\/\/obs.atauni.edu.tr\/moduller\/sayfa\/info\/canliDersKatilimci\/?Id=38165&amp;BirimId=1757&amp;BireyId=1568913<\/p>\n","protected":false},"author":644,"featured_media":0,"comment_status":"closed","ping_status":"closed","sticky":false,"template":"","format":"standard","meta":{"footnotes":""},"categories":[42],"tags":[],"class_list":["post-8890","post","type-post","status-publish","format-standard","hentry","category-haberler"],"_links":{"self":[{"href":"https:\/\/atauni.edu.tr\/ataturk-ilkeleri-ve-inkilap-tarihi-enstitusu\/wp-json\/wp\/v2\/posts\/8890","targetHints":{"allow":["GET"]}}],"collection":[{"href":"https:\/\/atauni.edu.tr\/ataturk-ilkeleri-ve-inkilap-tarihi-enstitusu\/wp-json\/wp\/v2\/posts"}],"about":[{"href":"https:\/\/atauni.edu.tr\/ataturk-ilkeleri-ve-inkilap-tarihi-enstitusu\/wp-json\/wp\/v2\/types\/post"}],"author":[{"embeddable":true,"href":"https:\/\/atauni.edu.tr\/ataturk-ilkeleri-ve-inkilap-tarihi-enstitusu\/wp-json\/wp\/v2\/users\/644"}],"replies":[{"embeddable":true,"href":"https:\/\/atauni.edu.tr\/ataturk-ilkeleri-ve-inkilap-tarihi-enstitusu\/wp-json\/wp\/v2\/comments?post=8890"}],"version-history":[{"count":6,"href":"https:\/\/atauni.edu.tr\/ataturk-ilkeleri-ve-inkilap-tarihi-enstitusu\/wp-json\/wp\/v2\/posts\/8890\/revisions"}],"predecessor-version":[{"id":8898,"href":"https:\/\/atauni.edu.tr\/ataturk-ilkeleri-ve-inkilap-tarihi-enstitusu\/wp-json\/wp\/v2\/posts\/8890\/revisions\/8898"}],"wp:attachment":[{"href":"https:\/\/atauni.edu.tr\/ataturk-ilkeleri-ve-inkilap-tarihi-enstitusu\/wp-json\/wp\/v2\/media?parent=8890"}],"wp:term":[{"taxonomy":"category","embeddable":true,"href":"https:\/\/atauni.edu.tr\/ataturk-ilkeleri-ve-inkilap-tarihi-enstitusu\/wp-json\/wp\/v2\/categories?post=8890"},{"taxonomy":"post_tag","embeddable":true,"href":"https:\/\/atauni.edu.tr\/ataturk-ilkeleri-ve-inkilap-tarihi-enstitusu\/wp-json\/wp\/v2\/tags?post=8890"}],"curies":[{"name":"wp","href":"https:\/\/api.w.org\/{rel}","templated":true}]}}