{"id":9055,"date":"2026-02-04T10:21:38","date_gmt":"2026-02-04T07:21:38","guid":{"rendered":"https:\/\/birimler.atauni.edu.tr\/ataturk-ilkeleri-ve-inkilap-tarihi-enstitusu\/?p=9055"},"modified":"2026-02-04T10:21:38","modified_gmt":"2026-02-04T07:21:38","slug":"2025-2026-bahar-donemi-ders-kaydi-yapacak-ogrencilere-duyuru","status":"publish","type":"post","link":"https:\/\/atauni.edu.tr\/ataturk-ilkeleri-ve-inkilap-tarihi-enstitusu\/2025-2026-bahar-donemi-ders-kaydi-yapacak-ogrencilere-duyuru\/","title":{"rendered":"2025-2026 BAHAR D\u00d6NEM\u0130 DERS KAYDI YAPACAK \u00d6\u011eRENC\u0130LERE DUYURU"},"content":{"rendered":"\n<div data-wp-interactive=\"core\/file\" class=\"wp-block-file\"><object data-wp-bind--hidden=\"!state.hasPdfPreview\" hidden class=\"wp-block-file__embed\" data=\"https:\/\/birimler.atauni.edu.tr\/ataturk-ilkeleri-ve-inkilap-tarihi-enstitusu\/wp-content\/uploads\/sites\/795\/2026\/02\/2025-2026-BAHAR-DONEMI-DERS-KAYDI-YAPACAK-OGRENCILERE-DUYURU.pdf\" type=\"application\/pdf\" style=\"width:100%;height:600px\" aria-label=\"2025-2026 BAHAR D\u00d6NEM\u0130 DERS KAYDI YAPACAK \u00d6\u011eRENC\u0130LERE DUYURU g\u00f6m\u00fcs\u00fc.\"><\/object><a id=\"wp-block-file--media-86769010-811c-4078-803d-34e6b0eeb7dd\" href=\"https:\/\/birimler.atauni.edu.tr\/ataturk-ilkeleri-ve-inkilap-tarihi-enstitusu\/wp-content\/uploads\/sites\/795\/2026\/02\/2025-2026-BAHAR-DONEMI-DERS-KAYDI-YAPACAK-OGRENCILERE-DUYURU.pdf\">2025-2026 BAHAR D\u00d6NEM\u0130 DERS KAYDI YAPACAK \u00d6\u011eRENC\u0130LERE DUYURU<\/a><a href=\"https:\/\/birimler.atauni.edu.tr\/ataturk-ilkeleri-ve-inkilap-tarihi-enstitusu\/wp-content\/uploads\/sites\/795\/2026\/02\/2025-2026-BAHAR-DONEMI-DERS-KAYDI-YAPACAK-OGRENCILERE-DUYURU.pdf\" class=\"wp-block-file__button wp-element-button\" download aria-describedby=\"wp-block-file--media-86769010-811c-4078-803d-34e6b0eeb7dd\">\u0130ndir<\/a><\/div>\n","protected":false},"excerpt":{"rendered":"","protected":false},"author":644,"featured_media":0,"comment_status":"closed","ping_status":"closed","sticky":false,"template":"","format":"standard","meta":{"footnotes":""},"categories":[43],"tags":[],"class_list":["post-9055","post","type-post","status-publish","format-standard","hentry","category-duyurular"],"_links":{"self":[{"href":"https:\/\/atauni.edu.tr\/ataturk-ilkeleri-ve-inkilap-tarihi-enstitusu\/wp-json\/wp\/v2\/posts\/9055","targetHints":{"allow":["GET"]}}],"collection":[{"href":"https:\/\/atauni.edu.tr\/ataturk-ilkeleri-ve-inkilap-tarihi-enstitusu\/wp-json\/wp\/v2\/posts"}],"about":[{"href":"https:\/\/atauni.edu.tr\/ataturk-ilkeleri-ve-inkilap-tarihi-enstitusu\/wp-json\/wp\/v2\/types\/post"}],"author":[{"embeddable":true,"href":"https:\/\/atauni.edu.tr\/ataturk-ilkeleri-ve-inkilap-tarihi-enstitusu\/wp-json\/wp\/v2\/users\/644"}],"replies":[{"embeddable":true,"href":"https:\/\/atauni.edu.tr\/ataturk-ilkeleri-ve-inkilap-tarihi-enstitusu\/wp-json\/wp\/v2\/comments?post=9055"}],"version-history":[{"count":1,"href":"https:\/\/atauni.edu.tr\/ataturk-ilkeleri-ve-inkilap-tarihi-enstitusu\/wp-json\/wp\/v2\/posts\/9055\/revisions"}],"predecessor-version":[{"id":9057,"href":"https:\/\/atauni.edu.tr\/ataturk-ilkeleri-ve-inkilap-tarihi-enstitusu\/wp-json\/wp\/v2\/posts\/9055\/revisions\/9057"}],"wp:attachment":[{"href":"https:\/\/atauni.edu.tr\/ataturk-ilkeleri-ve-inkilap-tarihi-enstitusu\/wp-json\/wp\/v2\/media?parent=9055"}],"wp:term":[{"taxonomy":"category","embeddable":true,"href":"https:\/\/atauni.edu.tr\/ataturk-ilkeleri-ve-inkilap-tarihi-enstitusu\/wp-json\/wp\/v2\/categories?post=9055"},{"taxonomy":"post_tag","embeddable":true,"href":"https:\/\/atauni.edu.tr\/ataturk-ilkeleri-ve-inkilap-tarihi-enstitusu\/wp-json\/wp\/v2\/tags?post=9055"}],"curies":[{"name":"wp","href":"https:\/\/api.w.org\/{rel}","templated":true}]}}