{"id":9107,"date":"2026-08-27T11:36:17","date_gmt":"2026-08-27T08:36:17","guid":{"rendered":"https:\/\/atauni.edu.tr\/ataturk-ilkeleri-ve-inkilap-tarihi-enstitusu\/?p=9107"},"modified":"2026-08-27T11:36:17","modified_gmt":"2026-08-27T08:36:17","slug":"lisansustu-programlar-icin-2-basvurular","status":"publish","type":"post","link":"https:\/\/atauni.edu.tr\/ataturk-ilkeleri-ve-inkilap-tarihi-enstitusu\/lisansustu-programlar-icin-2-basvurular\/","title":{"rendered":"Lisans\u00fcst\u00fc Programlar \u0130\u00e7in 2. Ba\u015fvurular"},"content":{"rendered":"\n<p class=\"wp-block-paragraph\">\u00dcniversitemiz b\u00fcnyesinde y\u00fcr\u00fct\u00fclmekte olan lisans\u00fcst\u00fc programlara 2026-2027 e\u011fitim-\u00f6\u011fretim y\u0131l\u0131 g\u00fcz yar\u0131y\u0131l\u0131nda al\u0131nacak \u00f6\u011frenci\u00a0<strong>2.\u00a0<\/strong>ba\u015fvurular\u0131 ile ilgili detayl\u0131 bilgi almak i\u00e7in l\u00fctfen\u00a0<a href=\"https:\/\/birimler.atauni.edu.tr\/ogrenci-isleri-daire-baskanligi\/lisansustu-programlar\/\">t\u0131klay\u0131n\u0131z.<\/a><\/p>\n","protected":false},"excerpt":{"rendered":"<p>\u00dcniversitemiz b\u00fcnyesinde y\u00fcr\u00fct\u00fclmekte olan lisans\u00fcst\u00fc programlara 2026-2027 e\u011fitim-\u00f6\u011fretim y\u0131l\u0131 g\u00fcz yar\u0131y\u0131l\u0131nda al\u0131nacak \u00f6\u011frenci\u00a02.\u00a0ba\u015fvurular\u0131 ile ilgili detayl\u0131 bilgi almak i\u00e7in l\u00fctfen\u00a0t\u0131klay\u0131n\u0131z.<\/p>\n","protected":false},"author":644,"featured_media":0,"comment_status":"closed","ping_status":"closed","sticky":false,"template":"","format":"standard","meta":{"footnotes":""},"categories":[43],"tags":[],"class_list":["post-9107","post","type-post","status-publish","format-standard","hentry","category-duyurular"],"_links":{"self":[{"href":"https:\/\/atauni.edu.tr\/ataturk-ilkeleri-ve-inkilap-tarihi-enstitusu\/wp-json\/wp\/v2\/posts\/9107","targetHints":{"allow":["GET"]}}],"collection":[{"href":"https:\/\/atauni.edu.tr\/ataturk-ilkeleri-ve-inkilap-tarihi-enstitusu\/wp-json\/wp\/v2\/posts"}],"about":[{"href":"https:\/\/atauni.edu.tr\/ataturk-ilkeleri-ve-inkilap-tarihi-enstitusu\/wp-json\/wp\/v2\/types\/post"}],"author":[{"embeddable":true,"href":"https:\/\/atauni.edu.tr\/ataturk-ilkeleri-ve-inkilap-tarihi-enstitusu\/wp-json\/wp\/v2\/users\/644"}],"replies":[{"embeddable":true,"href":"https:\/\/atauni.edu.tr\/ataturk-ilkeleri-ve-inkilap-tarihi-enstitusu\/wp-json\/wp\/v2\/comments?post=9107"}],"version-history":[{"count":1,"href":"https:\/\/atauni.edu.tr\/ataturk-ilkeleri-ve-inkilap-tarihi-enstitusu\/wp-json\/wp\/v2\/posts\/9107\/revisions"}],"predecessor-version":[{"id":9108,"href":"https:\/\/atauni.edu.tr\/ataturk-ilkeleri-ve-inkilap-tarihi-enstitusu\/wp-json\/wp\/v2\/posts\/9107\/revisions\/9108"}],"wp:attachment":[{"href":"https:\/\/atauni.edu.tr\/ataturk-ilkeleri-ve-inkilap-tarihi-enstitusu\/wp-json\/wp\/v2\/media?parent=9107"}],"wp:term":[{"taxonomy":"category","embeddable":true,"href":"https:\/\/atauni.edu.tr\/ataturk-ilkeleri-ve-inkilap-tarihi-enstitusu\/wp-json\/wp\/v2\/categories?post=9107"},{"taxonomy":"post_tag","embeddable":true,"href":"https:\/\/atauni.edu.tr\/ataturk-ilkeleri-ve-inkilap-tarihi-enstitusu\/wp-json\/wp\/v2\/tags?post=9107"}],"curies":[{"name":"wp","href":"https:\/\/api.w.org\/{rel}","templated":true}]}}