{"id":7393,"date":"2026-04-20T16:00:00","date_gmt":"2026-04-20T13:00:00","guid":{"rendered":"https:\/\/atauni.edu.tr\/calisma-ekonomisi-ve-endustri-iliskileri-bolumu-1\/?p=7393"},"modified":"2026-04-21T16:07:16","modified_gmt":"2026-04-21T13:07:16","slug":"il-istihdam-ve-mesleki-egitim-kurulu-toplantisina-katildik","status":"publish","type":"post","link":"https:\/\/atauni.edu.tr\/calisma-ekonomisi-ve-endustri-iliskileri-bolumu-1\/2026\/04\/20\/il-istihdam-ve-mesleki-egitim-kurulu-toplantisina-katildik\/","title":{"rendered":"\u0130l \u0130stihdam ve Mesleki E\u011fitim Kurulu Toplant\u0131s\u0131&#8217;na Kat\u0131ld\u0131k"},"content":{"rendered":"\n<figure class=\"wp-block-image size-large\"><img fetchpriority=\"high\" decoding=\"async\" width=\"1024\" height=\"683\" src=\"https:\/\/atauni.edu.tr\/calisma-ekonomisi-ve-endustri-iliskileri-bolumu-1\/wp-content\/uploads\/sites\/771\/2026\/04\/ceyhun-1024x683.jpg\" alt=\"\" class=\"wp-image-7394\" srcset=\"https:\/\/atauni.edu.tr\/calisma-ekonomisi-ve-endustri-iliskileri-bolumu-1\/wp-content\/uploads\/sites\/771\/2026\/04\/ceyhun-1024x683.jpg 1024w, https:\/\/atauni.edu.tr\/calisma-ekonomisi-ve-endustri-iliskileri-bolumu-1\/wp-content\/uploads\/sites\/771\/2026\/04\/ceyhun-300x200.jpg 300w, https:\/\/atauni.edu.tr\/calisma-ekonomisi-ve-endustri-iliskileri-bolumu-1\/wp-content\/uploads\/sites\/771\/2026\/04\/ceyhun-768x512.jpg 768w, https:\/\/atauni.edu.tr\/calisma-ekonomisi-ve-endustri-iliskileri-bolumu-1\/wp-content\/uploads\/sites\/771\/2026\/04\/ceyhun-1536x1024.jpg 1536w, https:\/\/atauni.edu.tr\/calisma-ekonomisi-ve-endustri-iliskileri-bolumu-1\/wp-content\/uploads\/sites\/771\/2026\/04\/ceyhun-1200x800.jpg 1200w, https:\/\/atauni.edu.tr\/calisma-ekonomisi-ve-endustri-iliskileri-bolumu-1\/wp-content\/uploads\/sites\/771\/2026\/04\/ceyhun-600x400.jpg 600w, https:\/\/atauni.edu.tr\/calisma-ekonomisi-ve-endustri-iliskileri-bolumu-1\/wp-content\/uploads\/sites\/771\/2026\/04\/ceyhun-560x373.jpg 560w, https:\/\/atauni.edu.tr\/calisma-ekonomisi-ve-endustri-iliskileri-bolumu-1\/wp-content\/uploads\/sites\/771\/2026\/04\/ceyhun.jpg 2048w\" sizes=\"(max-width: 1024px) 100vw, 1024px\" \/><\/figure>\n\n\n\n<p>Erzurum valisi Say\u0131n Ayd\u0131n Baru\u015f ba\u015fkanl\u0131\u011f\u0131nda, \u00c7al\u0131\u015fma ve \u0130\u015f Kurumu Erzurum \u0130l M\u00fcd\u00fcrl\u00fc\u011f\u00fc taraf\u0131ndan 2026 y\u0131l\u0131 \u0130l \u0130stihdam ve Mesleki E\u011fitim Kurulu Toplant\u0131s\u0131 Erzurum Ticaret ve Sanayi Odas\u0131 Toplant\u0131 Salonu\u2019nda ger\u00e7ekle\u015ftirildi. B\u00f6l\u00fcm\u00fcm\u00fcz\u00fc, \u00f6\u011fretim \u00fcyemiz Dr. \u00d6\u011fr. \u00dcyesi Ceyhun SER\u00c7EMEL\u0130 kat\u0131l\u0131m\u0131 ile temsil etmi\u015ftir. <\/p>\n\n\n\n<p>Erzurum \u00c7al\u0131\u015fma ve \u0130\u015f Kurumu \u0130l M\u00fcd\u00fcr\u00fc Abdulkadir Mutlu ile kurul \u00fcyelerinin kat\u0131l\u0131m\u0131yla d\u00fczenlenen toplant\u0131da; bir \u00f6nceki toplant\u0131da al\u0131nan kararlar g\u00f6zden ge\u00e7irildi, 2026 y\u0131l\u0131 ilk \u00fc\u00e7 ayl\u0131k faaliyetlere ili\u015fkin de\u011ferlendirmeler payla\u015f\u0131ld\u0131. \u0130l M\u00fcd\u00fcr\u00fc Abdulkadir Mutlu taraf\u0131ndan y\u00fcr\u00fct\u00fclen \u00e7al\u0131\u015fmalar hakk\u0131nda kurul \u00fcyelerine bilgi sunuldu.<\/p>\n\n\n\n<p>\u0130l Milli E\u011fitim M\u00fcd\u00fcrl\u00fc\u011f\u00fc taraf\u0131ndan mesleki ve teknik e\u011fitim alan\u0131nda a\u00e7\u0131lmas\u0131 planlanan yeni okullar kurulun onay\u0131na sunularak g\u00fcndem maddeleri kapsam\u0131nda de\u011ferlendirildi. Toplant\u0131, ilde istihdam ve mesleki e\u011fitimin geli\u015ftirilmesine y\u00f6nelik kararlar\u0131n ele al\u0131nmas\u0131yla tamamland\u0131.<\/p>\n","protected":false},"excerpt":{"rendered":"<p>Erzurum valisi Say\u0131n Ayd\u0131n Baru\u015f ba\u015fkanl\u0131\u011f\u0131nda, \u00c7al\u0131\u015fma ve \u0130\u015f Kurumu Erzurum \u0130l M\u00fcd\u00fcrl\u00fc\u011f\u00fc taraf\u0131ndan 2026 y\u0131l\u0131 \u0130l \u0130stihdam ve Mesleki E\u011fitim Kurulu Toplant\u0131s\u0131 Erzurum Ticaret ve Sanayi Odas\u0131 Toplant\u0131 Salonu\u2019nda ger\u00e7ekle\u015ftirildi. B\u00f6l\u00fcm\u00fcm\u00fcz\u00fc, \u00f6\u011fretim \u00fcyemiz Dr. \u00d6\u011fr. \u00dcyesi Ceyhun SER\u00c7EMEL\u0130 kat\u0131l\u0131m\u0131 ile temsil etmi\u015ftir. Erzurum \u00c7al\u0131\u015fma ve \u0130\u015f Kurumu \u0130l M\u00fcd\u00fcr\u00fc Abdulkadir Mutlu ile kurul \u00fcyelerinin [&hellip;]<\/p>\n","protected":false},"author":622,"featured_media":0,"comment_status":"closed","ping_status":"closed","sticky":false,"template":"","format":"standard","meta":{"footnotes":""},"categories":[1,60],"tags":[],"class_list":["post-7393","post","type-post","status-publish","format-standard","hentry","category-genel","category-haberler"],"_links":{"self":[{"href":"https:\/\/atauni.edu.tr\/calisma-ekonomisi-ve-endustri-iliskileri-bolumu-1\/wp-json\/wp\/v2\/posts\/7393","targetHints":{"allow":["GET"]}}],"collection":[{"href":"https:\/\/atauni.edu.tr\/calisma-ekonomisi-ve-endustri-iliskileri-bolumu-1\/wp-json\/wp\/v2\/posts"}],"about":[{"href":"https:\/\/atauni.edu.tr\/calisma-ekonomisi-ve-endustri-iliskileri-bolumu-1\/wp-json\/wp\/v2\/types\/post"}],"author":[{"embeddable":true,"href":"https:\/\/atauni.edu.tr\/calisma-ekonomisi-ve-endustri-iliskileri-bolumu-1\/wp-json\/wp\/v2\/users\/622"}],"replies":[{"embeddable":true,"href":"https:\/\/atauni.edu.tr\/calisma-ekonomisi-ve-endustri-iliskileri-bolumu-1\/wp-json\/wp\/v2\/comments?post=7393"}],"version-history":[{"count":1,"href":"https:\/\/atauni.edu.tr\/calisma-ekonomisi-ve-endustri-iliskileri-bolumu-1\/wp-json\/wp\/v2\/posts\/7393\/revisions"}],"predecessor-version":[{"id":7395,"href":"https:\/\/atauni.edu.tr\/calisma-ekonomisi-ve-endustri-iliskileri-bolumu-1\/wp-json\/wp\/v2\/posts\/7393\/revisions\/7395"}],"wp:attachment":[{"href":"https:\/\/atauni.edu.tr\/calisma-ekonomisi-ve-endustri-iliskileri-bolumu-1\/wp-json\/wp\/v2\/media?parent=7393"}],"wp:term":[{"taxonomy":"category","embeddable":true,"href":"https:\/\/atauni.edu.tr\/calisma-ekonomisi-ve-endustri-iliskileri-bolumu-1\/wp-json\/wp\/v2\/categories?post=7393"},{"taxonomy":"post_tag","embeddable":true,"href":"https:\/\/atauni.edu.tr\/calisma-ekonomisi-ve-endustri-iliskileri-bolumu-1\/wp-json\/wp\/v2\/tags?post=7393"}],"curies":[{"name":"wp","href":"https:\/\/api.w.org\/{rel}","templated":true}]}}