{"id":6489,"date":"2022-02-22T17:03:55","date_gmt":"2022-02-22T14:03:55","guid":{"rendered":"https:\/\/birimler.atauni.edu.tr\/cografya\/?p=6489"},"modified":"2025-12-16T11:57:36","modified_gmt":"2025-12-16T08:57:36","slug":"cografya-mesleki-standartlarinin-mesleki-yeterlilik-kurumu-tarafindan-onayi","status":"publish","type":"post","link":"https:\/\/atauni.edu.tr\/cografya\/2022\/02\/22\/cografya-mesleki-standartlarinin-mesleki-yeterlilik-kurumu-tarafindan-onayi\/","title":{"rendered":"Co\u011frafya Mesleki Standartlar\u0131n\u0131n Mesleki Yeterlilik Kurumu Taraf\u0131ndan Onay\u0131"},"content":{"rendered":"\t\t<div data-elementor-type=\"wp-post\" data-elementor-id=\"6489\" class=\"elementor elementor-6489\" data-elementor-post-type=\"post\">\n\t\t\t\t\t\t<section class=\"elementor-section elementor-top-section elementor-element elementor-element-b002d17 elementor-section-boxed elementor-section-height-default elementor-section-height-default\" data-id=\"b002d17\" data-element_type=\"section\">\n\t\t\t\t\t\t<div class=\"elementor-container elementor-column-gap-default\">\n\t\t\t\t\t<div class=\"elementor-column elementor-col-100 elementor-top-column elementor-element elementor-element-164b07a\" data-id=\"164b07a\" data-element_type=\"column\">\n\t\t\t<div class=\"elementor-widget-wrap elementor-element-populated\">\n\t\t\t\t\t\t<div class=\"elementor-element elementor-element-be17be3 elementor-widget elementor-widget-button\" data-id=\"be17be3\" data-element_type=\"widget\" data-widget_type=\"button.default\">\n\t\t\t\t<div class=\"elementor-widget-container\">\n\t\t\t\t\t\t\t\t\t<div class=\"elementor-button-wrapper\">\n\t\t\t\t\t<a class=\"elementor-button elementor-button-link elementor-size-sm\" href=\"http:\/\/birimler.atauni.edu.tr\/cografya\/wp-content\/uploads\/sites\/93\/2020\/07\/Cografya-Mesleki-Standarti.pdf\">\n\t\t\t\t\t\t<span class=\"elementor-button-content-wrapper\">\n\t\t\t\t\t\t\t\t\t<span class=\"elementor-button-text\">Mesleki Yeterlilik Kurumu Taraf\u0131ndan Yay\u0131mlanan \u0130\u00e7eri\u011fe Ula\u015fmak i\u00e7in TIKLAYINIZ<\/span>\n\t\t\t\t\t<\/span>\n\t\t\t\t\t<\/a>\n\t\t\t\t<\/div>\n\t\t\t\t\t\t\t\t<\/div>\n\t\t\t\t<\/div>\n\t\t\t\t\t<\/div>\n\t\t<\/div>\n\t\t\t\t\t<\/div>\n\t\t<\/section>\n\t\t\t\t<section class=\"elementor-section elementor-top-section elementor-element elementor-element-8949949 elementor-section-boxed elementor-section-height-default elementor-section-height-default\" data-id=\"8949949\" data-element_type=\"section\">\n\t\t\t\t\t\t<div class=\"elementor-container elementor-column-gap-default\">\n\t\t\t\t\t<div class=\"elementor-column elementor-col-100 elementor-top-column elementor-element elementor-element-b9ae7bd\" data-id=\"b9ae7bd\" data-element_type=\"column\">\n\t\t\t<div class=\"elementor-widget-wrap elementor-element-populated\">\n\t\t\t\t\t\t<div class=\"elementor-element elementor-element-db97bdd elementor-widget elementor-widget-text-editor\" data-id=\"db97bdd\" data-element_type=\"widget\" data-widget_type=\"text-editor.default\">\n\t\t\t\t<div class=\"elementor-widget-container\">\n\t\t\t\t\t\t\t\t\t<p>Mesleki Yeterlilik Kurumu Ba\u015fkanl\u0131\u011f\u0131&#8217;n\u0131n 30.07.2021 tarih ve E-40515021-101.01-3150 say\u0131l\u0131 yaz\u0131s\u0131 ile y\u00f6netim kuruluna sunulan &#8220;Co\u011frafyac\u0131 (Seviye 6)&#8221; taslak meslek standard\u0131n\u0131n 4 numaral\u0131 Cumhurba\u015fkanl\u0131\u011f\u0131 Kararnamesinin 245. maddesinin birinci f\u0131kras\u0131n\u0131n (c) bendi gere\u011fi 24.01.2022 tarihinde&nbsp; Resmi Gazetede yay\u0131mlanarak onaylanm\u0131\u015ft\u0131r. \u00dclkemiz ve Co\u011frafya camias\u0131 i\u00e7in hay\u0131rl\u0131 olmas\u0131n\u0131 diler, eme\u011fi ge\u00e7en herkese te\u015fekk\u00fcr ederiz.<\/p>\t\t\t\t\t\t\t\t<\/div>\n\t\t\t\t<\/div>\n\t\t\t\t\t<\/div>\n\t\t<\/div>\n\t\t\t\t\t<\/div>\n\t\t<\/section>\n\t\t\t\t<\/div>\n\t\t","protected":false},"excerpt":{"rendered":"<p>Mesleki Yeterlilik Kurumu Taraf\u0131ndan Yay\u0131mlanan \u0130\u00e7eri\u011fe Ula\u015fmak i\u00e7in TIKLAYINIZ Mesleki Yeterlilik Kurumu Ba\u015fkanl\u0131\u011f\u0131&#8217;n\u0131n 30.07.2021 tarih ve E-40515021-101.01-3150 say\u0131l\u0131 yaz\u0131s\u0131 ile y\u00f6netim kuruluna sunulan &#8220;Co\u011frafyac\u0131 (Seviye 6)&#8221; taslak meslek standard\u0131n\u0131n 4 numaral\u0131 Cumhurba\u015fkanl\u0131\u011f\u0131 Kararnamesinin 245. maddesinin birinci f\u0131kras\u0131n\u0131n (c) bendi gere\u011fi 24.01.2022 tarihinde&nbsp; Resmi Gazetede yay\u0131mlanarak onaylanm\u0131\u015ft\u0131r. \u00dclkemiz ve Co\u011frafya camias\u0131 i\u00e7in hay\u0131rl\u0131 olmas\u0131n\u0131 diler, eme\u011fi [&hellip;]<\/p>\n","protected":false},"author":82,"featured_media":6145,"comment_status":"closed","ping_status":"closed","sticky":false,"template":"","format":"standard","meta":{"footnotes":""},"categories":[47],"tags":[],"class_list":["post-6489","post","type-post","status-publish","format-standard","has-post-thumbnail","hentry","category-haberler"],"_links":{"self":[{"href":"https:\/\/atauni.edu.tr\/cografya\/wp-json\/wp\/v2\/posts\/6489","targetHints":{"allow":["GET"]}}],"collection":[{"href":"https:\/\/atauni.edu.tr\/cografya\/wp-json\/wp\/v2\/posts"}],"about":[{"href":"https:\/\/atauni.edu.tr\/cografya\/wp-json\/wp\/v2\/types\/post"}],"author":[{"embeddable":true,"href":"https:\/\/atauni.edu.tr\/cografya\/wp-json\/wp\/v2\/users\/82"}],"replies":[{"embeddable":true,"href":"https:\/\/atauni.edu.tr\/cografya\/wp-json\/wp\/v2\/comments?post=6489"}],"version-history":[{"count":4,"href":"https:\/\/atauni.edu.tr\/cografya\/wp-json\/wp\/v2\/posts\/6489\/revisions"}],"predecessor-version":[{"id":6494,"href":"https:\/\/atauni.edu.tr\/cografya\/wp-json\/wp\/v2\/posts\/6489\/revisions\/6494"}],"wp:featuredmedia":[{"embeddable":true,"href":"https:\/\/atauni.edu.tr\/cografya\/wp-json\/wp\/v2\/media\/6145"}],"wp:attachment":[{"href":"https:\/\/atauni.edu.tr\/cografya\/wp-json\/wp\/v2\/media?parent=6489"}],"wp:term":[{"taxonomy":"category","embeddable":true,"href":"https:\/\/atauni.edu.tr\/cografya\/wp-json\/wp\/v2\/categories?post=6489"},{"taxonomy":"post_tag","embeddable":true,"href":"https:\/\/atauni.edu.tr\/cografya\/wp-json\/wp\/v2\/tags?post=6489"}],"curies":[{"name":"wp","href":"https:\/\/api.w.org\/{rel}","templated":true}]}}