{"id":9342,"date":"2025-11-12T13:50:40","date_gmt":"2025-11-12T10:50:40","guid":{"rendered":"https:\/\/birimler.atauni.edu.tr\/cografya\/?p=9342"},"modified":"2025-12-16T11:50:37","modified_gmt":"2025-12-16T08:50:37","slug":"genc-cografyacilar-bulusmasi-isimli-toplumsal-duyarlilik-projesi","status":"publish","type":"post","link":"https:\/\/atauni.edu.tr\/cografya\/2025\/11\/12\/genc-cografyacilar-bulusmasi-isimli-toplumsal-duyarlilik-projesi\/","title":{"rendered":"\u201cGen\u00e7 Co\u011frafyac\u0131lar Bulu\u015fmas\u0131 \u201c isimli Toplumsal Duyarl\u0131l\u0131k Projesi"},"content":{"rendered":"<p>\u201cCo\u011frafya kul\u00fcb\u00fc taraf\u0131ndan ba\u015fvurusu ger\u00e7ekle\u015ftirilen, &#8220;Gen\u00e7 Co\u011frafyac\u0131lar Bulu\u015fmas\u0131 \u201c\u00a0isimli Toplumsal Duyarl\u0131l\u0131k projemiz kabul edildi. Etkinli\u011fe\u00a0Kul\u00fcp koordinat\u00f6r\u00fc, kul\u00fcp ba\u015fkan\u0131 ve \u00fcyeleri kat\u0131lm\u0131\u015f olup, e\u011fitim-\u00f6\u011fretim y\u0131l\u0131 kapsam\u0131nda kul\u00fcp faaliyetlerinin planlanmas\u0131 ger\u00e7ekle\u015ftirilmi\u015ftir.<\/p>\n<p>\t\t\t\t\t\t\t\t\t\t\t\t\t\t\t<img fetchpriority=\"high\" decoding=\"async\" width=\"1024\" height=\"768\" src=\"http:\/\/birimler.atauni.edu.tr\/cografya\/wp-content\/uploads\/sites\/93\/2025\/11\/WhatsApp-Image-2025-11-12-at-11.10.38-2-1024x768.jpeg\" alt=\"\" \/><br \/>\n\t\t\t\t\t\t\t\t\t\t\t\t\t\t\t<img decoding=\"async\" width=\"768\" height=\"1024\" src=\"http:\/\/birimler.atauni.edu.tr\/cografya\/wp-content\/uploads\/sites\/93\/2025\/11\/WhatsApp-Image-2025-11-12-at-11.10.38-768x1024.jpeg\" alt=\"\" \/><br \/>\n\t\t\t\t\t\t\t\t\t\t\t\t\t\t\t<img decoding=\"async\" width=\"1024\" height=\"768\" src=\"http:\/\/birimler.atauni.edu.tr\/cografya\/wp-content\/uploads\/sites\/93\/2025\/11\/WhatsApp-Image-2025-11-12-at-11.10.38-1-1024x768.jpeg\" alt=\"\" \/><\/p>\n","protected":false},"excerpt":{"rendered":"<p>\u201cCo\u011frafya kul\u00fcb\u00fc taraf\u0131ndan ba\u015fvurusu ger\u00e7ekle\u015ftirilen, &#8220;Gen\u00e7 Co\u011frafyac\u0131lar Bulu\u015fmas\u0131 \u201c\u00a0isimli Toplumsal Duyarl\u0131l\u0131k projemiz kabul edildi. Etkinli\u011fe\u00a0Kul\u00fcp koordinat\u00f6r\u00fc, kul\u00fcp ba\u015fkan\u0131 ve \u00fcyeleri kat\u0131lm\u0131\u015f olup, e\u011fitim-\u00f6\u011fretim y\u0131l\u0131 kapsam\u0131nda kul\u00fcp faaliyetlerinin planlanmas\u0131 ger\u00e7ekle\u015ftirilmi\u015ftir.<\/p>\n","protected":false},"author":82,"featured_media":9343,"comment_status":"closed","ping_status":"closed","sticky":false,"template":"","format":"standard","meta":{"footnotes":""},"categories":[47],"tags":[],"class_list":["post-9342","post","type-post","status-publish","format-standard","has-post-thumbnail","hentry","category-haberler"],"_links":{"self":[{"href":"https:\/\/atauni.edu.tr\/cografya\/wp-json\/wp\/v2\/posts\/9342","targetHints":{"allow":["GET"]}}],"collection":[{"href":"https:\/\/atauni.edu.tr\/cografya\/wp-json\/wp\/v2\/posts"}],"about":[{"href":"https:\/\/atauni.edu.tr\/cografya\/wp-json\/wp\/v2\/types\/post"}],"author":[{"embeddable":true,"href":"https:\/\/atauni.edu.tr\/cografya\/wp-json\/wp\/v2\/users\/82"}],"replies":[{"embeddable":true,"href":"https:\/\/atauni.edu.tr\/cografya\/wp-json\/wp\/v2\/comments?post=9342"}],"version-history":[{"count":10,"href":"https:\/\/atauni.edu.tr\/cografya\/wp-json\/wp\/v2\/posts\/9342\/revisions"}],"predecessor-version":[{"id":9356,"href":"https:\/\/atauni.edu.tr\/cografya\/wp-json\/wp\/v2\/posts\/9342\/revisions\/9356"}],"wp:featuredmedia":[{"embeddable":true,"href":"https:\/\/atauni.edu.tr\/cografya\/wp-json\/wp\/v2\/media\/9343"}],"wp:attachment":[{"href":"https:\/\/atauni.edu.tr\/cografya\/wp-json\/wp\/v2\/media?parent=9342"}],"wp:term":[{"taxonomy":"category","embeddable":true,"href":"https:\/\/atauni.edu.tr\/cografya\/wp-json\/wp\/v2\/categories?post=9342"},{"taxonomy":"post_tag","embeddable":true,"href":"https:\/\/atauni.edu.tr\/cografya\/wp-json\/wp\/v2\/tags?post=9342"}],"curies":[{"name":"wp","href":"https:\/\/api.w.org\/{rel}","templated":true}]}}