{"id":7728,"date":"2026-04-10T12:49:54","date_gmt":"2026-04-10T09:49:54","guid":{"rendered":"https:\/\/atauni.edu.tr\/felsefe\/?p=7728"},"modified":"2026-04-10T14:21:30","modified_gmt":"2026-04-10T11:21:30","slug":"unides-destekli-kucuk-filozoflar-atolyesi-projesi","status":"publish","type":"post","link":"https:\/\/atauni.edu.tr\/felsefe\/2026\/04\/10\/unides-destekli-kucuk-filozoflar-atolyesi-projesi\/","title":{"rendered":"\u00dcN\u0130DES Destekli &#8220;K\u00fc\u00e7\u00fck Filozoflar At\u00f6lyesi&#8221; Projesi"},"content":{"rendered":"\t\t<div data-elementor-type=\"wp-post\" data-elementor-id=\"7728\" class=\"elementor elementor-7728\" data-elementor-post-type=\"post\">\n\t\t\t\t\t\t<section class=\"elementor-section elementor-top-section elementor-element elementor-element-4cce0a3 elementor-section-boxed elementor-section-height-default elementor-section-height-default\" data-id=\"4cce0a3\" data-element_type=\"section\">\n\t\t\t\t\t\t<div class=\"elementor-container elementor-column-gap-default\">\n\t\t\t\t\t<div class=\"elementor-column elementor-col-100 elementor-top-column elementor-element elementor-element-2714ed0\" data-id=\"2714ed0\" data-element_type=\"column\">\n\t\t\t<div class=\"elementor-widget-wrap elementor-element-populated\">\n\t\t\t\t\t\t<div class=\"elementor-element elementor-element-f028692 elementor-widget elementor-widget-text-editor\" data-id=\"f028692\" data-element_type=\"widget\" data-widget_type=\"text-editor.default\">\n\t\t\t\t<div class=\"elementor-widget-container\">\n\t\t\t\t\t\t\t\t\t<p data-start=\"207\" data-end=\"514\">Edebiyat Fak\u00fcltesi Felsefe Kul\u00fcb\u00fc&#8217;n\u00fcn d\u00fczenlemi\u015f oldu\u011fu <em data-start=\"336\" data-end=\"399\">\u201cK\u00fc\u00e7\u00fck Filozoflar At\u00f6lyesi\u201d<\/em> Projesi T.C. Gen\u00e7lik ve Spor Bakanl\u0131\u011f\u0131 \u00dcN\u0130DES Destek Program\u0131 taraf\u0131ndan fonlanmaya hak kazanm\u0131\u015ft\u0131r.<\/p><p data-start=\"516\" data-end=\"754\">Dan\u0131\u015fmanl\u0131\u011f\u0131n\u0131 Ar\u015f. G\u00f6r. Dr. Alper \u0130PL\u0130KC\u0130&#8217;nin, y\u00fcr\u00fct\u00fcc\u00fcl\u00fc\u011f\u00fcn\u00fc ise Emir Taha TUNA&#8217;n\u0131n yapt\u0131\u011f\u0131 projede Kerim YILMAZ, Ebrar BAYRAMO\u011eLU, Elif \u0130B\u0130\u015e, Derya SAR\u0130ER, Abdullah Yasin FIRATLIG\u0130L, Zeynep AKKO\u00c7, \u0130brahim AYAZ, Sel\u00e7uk KIRMAC\u0130, Arif \u00d6NE\u015e, Ali B\u0130NG\u00d6L, Dilara DEM\u0130R ve Mehmet Akif UZUN proje ekibini olu\u015fturmaktad\u0131r. <\/p><p data-start=\"756\" data-end=\"991\">Toplam 75.000 TL b\u00fct\u00e7e ile desteklenen proje, lise \u00f6ncesi ortaokul \u00f6\u011frencilerine felsefenin temel konular\u0131n\u0131 ve belli ba\u015fl\u0131 problem ve kavramlar\u0131n\u0131 tan\u0131tarak onlarda ele\u015ftirel, sorgulay\u0131c\u0131 ve ara\u015ft\u0131rmac\u0131 bir bak\u0131\u015f a\u00e7\u0131s\u0131 geli\u015ftirmeyi hedeflemektedir.<\/p>\t\t\t\t\t\t\t\t<\/div>\n\t\t\t\t<\/div>\n\t\t\t\t\t<\/div>\n\t\t<\/div>\n\t\t\t\t\t<\/div>\n\t\t<\/section>\n\t\t\t\t<section class=\"elementor-section elementor-top-section elementor-element elementor-element-90626ab elementor-section-boxed elementor-section-height-default elementor-section-height-default\" data-id=\"90626ab\" data-element_type=\"section\">\n\t\t\t\t\t\t<div class=\"elementor-container elementor-column-gap-default\">\n\t\t\t\t\t<div class=\"elementor-column elementor-col-100 elementor-top-column elementor-element elementor-element-9c24d4d\" data-id=\"9c24d4d\" data-element_type=\"column\">\n\t\t\t<div class=\"elementor-widget-wrap elementor-element-populated\">\n\t\t\t\t\t\t<div class=\"elementor-element elementor-element-1367236 elementor-widget elementor-widget-image\" data-id=\"1367236\" data-element_type=\"widget\" data-widget_type=\"image.default\">\n\t\t\t\t<div class=\"elementor-widget-container\">\n\t\t\t\t\t\t\t\t\t\t\t\t\t\t\t<img fetchpriority=\"high\" decoding=\"async\" width=\"575\" height=\"810\" src=\"https:\/\/atauni.edu.tr\/felsefe\/wp-content\/uploads\/sites\/106\/2026\/04\/Ekran-Resmi-2026-04-10-14.20.37.png\" class=\"attachment-large size-large wp-image-7733\" alt=\"\" srcset=\"https:\/\/atauni.edu.tr\/felsefe\/wp-content\/uploads\/sites\/106\/2026\/04\/Ekran-Resmi-2026-04-10-14.20.37.png 575w, https:\/\/atauni.edu.tr\/felsefe\/wp-content\/uploads\/sites\/106\/2026\/04\/Ekran-Resmi-2026-04-10-14.20.37-213x300.png 213w, https:\/\/atauni.edu.tr\/felsefe\/wp-content\/uploads\/sites\/106\/2026\/04\/Ekran-Resmi-2026-04-10-14.20.37-426x600.png 426w, https:\/\/atauni.edu.tr\/felsefe\/wp-content\/uploads\/sites\/106\/2026\/04\/Ekran-Resmi-2026-04-10-14.20.37-398x560.png 398w\" sizes=\"(max-width: 575px) 100vw, 575px\" \/>\t\t\t\t\t\t\t\t\t\t\t\t\t\t\t<\/div>\n\t\t\t\t<\/div>\n\t\t\t\t\t<\/div>\n\t\t<\/div>\n\t\t\t\t\t<\/div>\n\t\t<\/section>\n\t\t\t\t<\/div>\n\t\t","protected":false},"excerpt":{"rendered":"<p>Edebiyat Fak\u00fcltesi Felsefe Kul\u00fcb\u00fc&#8217;n\u00fcn d\u00fczenlemi\u015f oldu\u011fu \u201cK\u00fc\u00e7\u00fck Filozoflar At\u00f6lyesi\u201d Projesi T.C. Gen\u00e7lik ve Spor Bakanl\u0131\u011f\u0131 \u00dcN\u0130DES Destek Program\u0131 taraf\u0131ndan fonlanmaya hak kazanm\u0131\u015ft\u0131r. Dan\u0131\u015fmanl\u0131\u011f\u0131n\u0131 Ar\u015f. G\u00f6r. Dr. Alper \u0130PL\u0130KC\u0130&#8217;nin, y\u00fcr\u00fct\u00fcc\u00fcl\u00fc\u011f\u00fcn\u00fc ise Emir Taha TUNA&#8217;n\u0131n yapt\u0131\u011f\u0131 projede Kerim YILMAZ, Ebrar BAYRAMO\u011eLU, Elif \u0130B\u0130\u015e, Derya SAR\u0130ER, Abdullah Yasin FIRATLIG\u0130L, Zeynep AKKO\u00c7, \u0130brahim AYAZ, Sel\u00e7uk KIRMAC\u0130, Arif \u00d6NE\u015e, Ali [&hellip;]<\/p>\n","protected":false},"author":94,"featured_media":7729,"comment_status":"closed","ping_status":"closed","sticky":false,"template":"","format":"standard","meta":{"footnotes":""},"categories":[45],"tags":[],"class_list":["post-7728","post","type-post","status-publish","format-standard","has-post-thumbnail","hentry","category-haberler"],"_links":{"self":[{"href":"https:\/\/atauni.edu.tr\/felsefe\/wp-json\/wp\/v2\/posts\/7728","targetHints":{"allow":["GET"]}}],"collection":[{"href":"https:\/\/atauni.edu.tr\/felsefe\/wp-json\/wp\/v2\/posts"}],"about":[{"href":"https:\/\/atauni.edu.tr\/felsefe\/wp-json\/wp\/v2\/types\/post"}],"author":[{"embeddable":true,"href":"https:\/\/atauni.edu.tr\/felsefe\/wp-json\/wp\/v2\/users\/94"}],"replies":[{"embeddable":true,"href":"https:\/\/atauni.edu.tr\/felsefe\/wp-json\/wp\/v2\/comments?post=7728"}],"version-history":[{"count":4,"href":"https:\/\/atauni.edu.tr\/felsefe\/wp-json\/wp\/v2\/posts\/7728\/revisions"}],"predecessor-version":[{"id":7736,"href":"https:\/\/atauni.edu.tr\/felsefe\/wp-json\/wp\/v2\/posts\/7728\/revisions\/7736"}],"wp:featuredmedia":[{"embeddable":true,"href":"https:\/\/atauni.edu.tr\/felsefe\/wp-json\/wp\/v2\/media\/7729"}],"wp:attachment":[{"href":"https:\/\/atauni.edu.tr\/felsefe\/wp-json\/wp\/v2\/media?parent=7728"}],"wp:term":[{"taxonomy":"category","embeddable":true,"href":"https:\/\/atauni.edu.tr\/felsefe\/wp-json\/wp\/v2\/categories?post=7728"},{"taxonomy":"post_tag","embeddable":true,"href":"https:\/\/atauni.edu.tr\/felsefe\/wp-json\/wp\/v2\/tags?post=7728"}],"curies":[{"name":"wp","href":"https:\/\/api.w.org\/{rel}","templated":true}]}}