{"id":8716,"date":"2026-04-15T13:39:45","date_gmt":"2026-04-15T10:39:45","guid":{"rendered":"https:\/\/atauni.edu.tr\/pasinler-meslek-yuksekokulu\/?p=8716"},"modified":"2026-04-15T13:55:47","modified_gmt":"2026-04-15T10:55:47","slug":"pasinler-myo-insan-kaynaklari-programindan-kamu-ve-ozel-sektorle-guclu-temaslar","status":"publish","type":"post","link":"https:\/\/atauni.edu.tr\/pasinler-meslek-yuksekokulu\/2026\/04\/15\/pasinler-myo-insan-kaynaklari-programindan-kamu-ve-ozel-sektorle-guclu-temaslar\/","title":{"rendered":"Pasinler MYO \u0130nsan Kaynaklar\u0131 Program\u0131\u2019ndan Kamu ve \u00d6zel Sekt\u00f6rle G\u00fc\u00e7l\u00fc Temaslar"},"content":{"rendered":"\n<p>Pasinler Meslek Y\u00fcksekokulu (MYO) \u0130nsan Kaynaklar\u0131 Program\u0131, program g\u00fcncelleme \u00e7al\u0131\u015fmalar\u0131 ve \u00f6\u011frencilerimize daha nitelikli bir e\u011fitim sunma vizyonu do\u011frultusunda, kamu ve \u00f6zel sekt\u00f6r temsilcileriyle verimli g\u00f6r\u00fc\u015fmeler ger\u00e7ekle\u015ftirmeye devam ediyor.<\/p>\n\n\n\n<p>Bu \u00e7er\u00e7evede ilk olarak, \u00f6zel sekt\u00f6rde yal\u0131t\u0131m alan\u0131n\u0131n ba\u015far\u0131l\u0131 firmalar\u0131ndan <strong>Eren Yal\u0131t\u0131m<\/strong>&#8216;a bir \u00e7al\u0131\u015fma ziyareti d\u00fczenlendi. Sahadaki g\u00fcncel insan kaynaklar\u0131 uygulamalar\u0131 hakk\u0131nda fikir al\u0131\u015fveri\u015finin yap\u0131ld\u0131\u011f\u0131 bu g\u00f6r\u00fc\u015fmede, ileriki s\u00fcre\u00e7lerde yap\u0131labilecek ortak \u00e7al\u0131\u015fmalar i\u00e7in destek s\u00f6z\u00fc al\u0131nd\u0131. G\u00f6sterdikleri misafirperverlik ve sa\u011flad\u0131klar\u0131 katk\u0131lardan dolay\u0131 \u015firket sahibi <strong>Selami \u00c7AVDAR<\/strong> ve k\u0131ymetli ekibine te\u015fekk\u00fcr ederiz.<\/p>\n\n\n\n<p>Sekt\u00f6rel i\u015f birliklerimiz kapsam\u0131nda ayr\u0131ca, program\u0131m\u0131z \u00f6\u011fretim elemanlar\u0131ndan <strong>\u00d6\u011fr. G\u00f6r. Fatih AYDO\u011eAN<\/strong>, Atat\u00fcrk \u00dcniversitesi Sa\u011fl\u0131k Ara\u015ft\u0131rma ve Uygulama Merkez M\u00fcd\u00fcrl\u00fc\u011f\u00fc (Ara\u015ft\u0131rma Hastanesi) \u0130nsan Kaynaklar\u0131\/Personel \u0130\u015fleri M\u00fcd\u00fcr Yard\u0131mc\u0131s\u0131 <strong>Say\u0131n Burak KARADA\u015e<\/strong> ile bir araya geldi. Ger\u00e7ekle\u015ftirilen bu verimli toplant\u0131da; sa\u011fl\u0131k ve kamu sekt\u00f6r\u00fcndeki insan kaynaklar\u0131 uygulamalar\u0131, personel y\u00f6netimi ve kurumsal s\u00fcre\u00e7lerin i\u015fleyi\u015fi \u00fczerine kar\u015f\u0131l\u0131kl\u0131 bilgi ve deneyim payla\u015f\u0131m\u0131nda bulunuldu. S\u00fcrece olan de\u011ferli desteklerinden dolay\u0131 Say\u0131n Burak KARADA\u015e\u2019a \u015f\u00fckranlar\u0131m\u0131z\u0131 sunar\u0131z.<\/p>\n\n\n\n<p>Teorik e\u011fitimi saha ger\u00e7ekleriyle b\u00fct\u00fcnle\u015ftirmek ve sekt\u00f6r\u00fcn ihtiya\u00e7lar\u0131na yan\u0131t veren g\u00fcncel bir program yap\u0131s\u0131 olu\u015fturmak ad\u0131na y\u00fcr\u00fctt\u00fc\u011f\u00fcm\u00fcz bu temaslar artarak devam edecektir.<\/p>\n\n\n\n<p><strong>Pasinler Meslek Y\u00fcksekokulu M\u00fcd\u00fcrl\u00fc\u011f\u00fc<\/strong><\/p>\n\n\n\n<figure class=\"wp-block-gallery alignwide has-nested-images columns-default is-cropped wp-block-gallery-1 is-layout-flex wp-block-gallery-is-layout-flex\">\n<figure class=\"wp-block-image size-large\"><img fetchpriority=\"high\" decoding=\"async\" width=\"576\" height=\"1024\" data-id=\"8718\" src=\"https:\/\/atauni.edu.tr\/pasinler-meslek-yuksekokulu\/wp-content\/uploads\/sites\/444\/2026\/04\/WhatsApp-Image-2026-04-15-at-09.08.25-1-576x1024.jpeg\" alt=\"\" class=\"wp-image-8718\" srcset=\"https:\/\/atauni.edu.tr\/pasinler-meslek-yuksekokulu\/wp-content\/uploads\/sites\/444\/2026\/04\/WhatsApp-Image-2026-04-15-at-09.08.25-1-576x1024.jpeg 576w, https:\/\/atauni.edu.tr\/pasinler-meslek-yuksekokulu\/wp-content\/uploads\/sites\/444\/2026\/04\/WhatsApp-Image-2026-04-15-at-09.08.25-1-169x300.jpeg 169w, https:\/\/atauni.edu.tr\/pasinler-meslek-yuksekokulu\/wp-content\/uploads\/sites\/444\/2026\/04\/WhatsApp-Image-2026-04-15-at-09.08.25-1-768x1365.jpeg 768w, https:\/\/atauni.edu.tr\/pasinler-meslek-yuksekokulu\/wp-content\/uploads\/sites\/444\/2026\/04\/WhatsApp-Image-2026-04-15-at-09.08.25-1-864x1536.jpeg 864w, https:\/\/atauni.edu.tr\/pasinler-meslek-yuksekokulu\/wp-content\/uploads\/sites\/444\/2026\/04\/WhatsApp-Image-2026-04-15-at-09.08.25-1-338x600.jpeg 338w, https:\/\/atauni.edu.tr\/pasinler-meslek-yuksekokulu\/wp-content\/uploads\/sites\/444\/2026\/04\/WhatsApp-Image-2026-04-15-at-09.08.25-1-315x560.jpeg 315w, https:\/\/atauni.edu.tr\/pasinler-meslek-yuksekokulu\/wp-content\/uploads\/sites\/444\/2026\/04\/WhatsApp-Image-2026-04-15-at-09.08.25-1.jpeg 1152w\" sizes=\"(max-width: 576px) 100vw, 576px\" \/><\/figure>\n\n\n\n<figure class=\"wp-block-image size-large\"><img decoding=\"async\" width=\"687\" height=\"1024\" data-id=\"8725\" src=\"http:\/\/atauni.edu.tr\/pasinler-meslek-yuksekokulu\/wp-content\/uploads\/sites\/444\/2026\/04\/Gemini_Generated_Image_ock26iock26iock2-1-687x1024.png\" alt=\"\" class=\"wp-image-8725\" srcset=\"https:\/\/atauni.edu.tr\/pasinler-meslek-yuksekokulu\/wp-content\/uploads\/sites\/444\/2026\/04\/Gemini_Generated_Image_ock26iock26iock2-1-687x1024.png 687w, https:\/\/atauni.edu.tr\/pasinler-meslek-yuksekokulu\/wp-content\/uploads\/sites\/444\/2026\/04\/Gemini_Generated_Image_ock26iock26iock2-1-201x300.png 201w, https:\/\/atauni.edu.tr\/pasinler-meslek-yuksekokulu\/wp-content\/uploads\/sites\/444\/2026\/04\/Gemini_Generated_Image_ock26iock26iock2-1-768x1145.png 768w, https:\/\/atauni.edu.tr\/pasinler-meslek-yuksekokulu\/wp-content\/uploads\/sites\/444\/2026\/04\/Gemini_Generated_Image_ock26iock26iock2-1-1030x1536.png 1030w, https:\/\/atauni.edu.tr\/pasinler-meslek-yuksekokulu\/wp-content\/uploads\/sites\/444\/2026\/04\/Gemini_Generated_Image_ock26iock26iock2-1-1374x2048.png 1374w, https:\/\/atauni.edu.tr\/pasinler-meslek-yuksekokulu\/wp-content\/uploads\/sites\/444\/2026\/04\/Gemini_Generated_Image_ock26iock26iock2-1-403x600.png 403w, https:\/\/atauni.edu.tr\/pasinler-meslek-yuksekokulu\/wp-content\/uploads\/sites\/444\/2026\/04\/Gemini_Generated_Image_ock26iock26iock2-1-376x560.png 376w, https:\/\/atauni.edu.tr\/pasinler-meslek-yuksekokulu\/wp-content\/uploads\/sites\/444\/2026\/04\/Gemini_Generated_Image_ock26iock26iock2-1.png 1696w\" sizes=\"(max-width: 687px) 100vw, 687px\" \/><\/figure>\n<\/figure>\n","protected":false},"excerpt":{"rendered":"<p>Pasinler Meslek Y\u00fcksekokulu (MYO) \u0130nsan Kaynaklar\u0131 Program\u0131, program g\u00fcncelleme \u00e7al\u0131\u015fmalar\u0131 ve \u00f6\u011frencilerimize daha nitelikli bir e\u011fitim sunma vizyonu do\u011frultusunda, kamu ve \u00f6zel sekt\u00f6r temsilcileriyle verimli g\u00f6r\u00fc\u015fmeler ger\u00e7ekle\u015ftirmeye devam ediyor. Bu \u00e7er\u00e7evede ilk olarak, \u00f6zel sekt\u00f6rde yal\u0131t\u0131m alan\u0131n\u0131n ba\u015far\u0131l\u0131 firmalar\u0131ndan Eren Yal\u0131t\u0131m&#8216;a bir \u00e7al\u0131\u015fma ziyareti d\u00fczenlendi. Sahadaki g\u00fcncel insan kaynaklar\u0131 uygulamalar\u0131 hakk\u0131nda fikir al\u0131\u015fveri\u015finin yap\u0131ld\u0131\u011f\u0131 bu [&hellip;]<\/p>\n","protected":false},"author":410,"featured_media":0,"comment_status":"closed","ping_status":"closed","sticky":false,"template":"","format":"gallery","meta":{"footnotes":""},"categories":[44],"tags":[],"class_list":["post-8716","post","type-post","status-publish","format-gallery","hentry","category-haberler","post_format-post-format-gallery"],"_links":{"self":[{"href":"https:\/\/atauni.edu.tr\/pasinler-meslek-yuksekokulu\/wp-json\/wp\/v2\/posts\/8716","targetHints":{"allow":["GET"]}}],"collection":[{"href":"https:\/\/atauni.edu.tr\/pasinler-meslek-yuksekokulu\/wp-json\/wp\/v2\/posts"}],"about":[{"href":"https:\/\/atauni.edu.tr\/pasinler-meslek-yuksekokulu\/wp-json\/wp\/v2\/types\/post"}],"author":[{"embeddable":true,"href":"https:\/\/atauni.edu.tr\/pasinler-meslek-yuksekokulu\/wp-json\/wp\/v2\/users\/410"}],"replies":[{"embeddable":true,"href":"https:\/\/atauni.edu.tr\/pasinler-meslek-yuksekokulu\/wp-json\/wp\/v2\/comments?post=8716"}],"version-history":[{"count":4,"href":"https:\/\/atauni.edu.tr\/pasinler-meslek-yuksekokulu\/wp-json\/wp\/v2\/posts\/8716\/revisions"}],"predecessor-version":[{"id":8726,"href":"https:\/\/atauni.edu.tr\/pasinler-meslek-yuksekokulu\/wp-json\/wp\/v2\/posts\/8716\/revisions\/8726"}],"wp:attachment":[{"href":"https:\/\/atauni.edu.tr\/pasinler-meslek-yuksekokulu\/wp-json\/wp\/v2\/media?parent=8716"}],"wp:term":[{"taxonomy":"category","embeddable":true,"href":"https:\/\/atauni.edu.tr\/pasinler-meslek-yuksekokulu\/wp-json\/wp\/v2\/categories?post=8716"},{"taxonomy":"post_tag","embeddable":true,"href":"https:\/\/atauni.edu.tr\/pasinler-meslek-yuksekokulu\/wp-json\/wp\/v2\/tags?post=8716"}],"curies":[{"name":"wp","href":"https:\/\/api.w.org\/{rel}","templated":true}]}}