{"id":8748,"date":"2026-04-27T15:29:59","date_gmt":"2026-04-27T12:29:59","guid":{"rendered":"https:\/\/atauni.edu.tr\/pasinler-meslek-yuksekokulu\/?p=8748"},"modified":"2026-04-27T15:29:59","modified_gmt":"2026-04-27T12:29:59","slug":"kudakaf-2026-kariyerine-guc-katmaya-hazir-misin","status":"publish","type":"post","link":"https:\/\/atauni.edu.tr\/pasinler-meslek-yuksekokulu\/2026\/04\/27\/kudakaf-2026-kariyerine-guc-katmaya-hazir-misin\/","title":{"rendered":"KUDAKAF 2026: Kariyerine G\u00fc\u00e7 Katmaya Haz\u0131r M\u0131s\u0131n?"},"content":{"rendered":"\n<p>Sevgili Atat\u00fcrk \u00dcniversitesi Pasinler Meslek Y\u00fcksekokulu \u00d6\u011frencileri,<\/p>\n\n\n\n<p>Gelece\u011finizi \u015fekillendirecek, staj ve i\u015f f\u0131rsatlar\u0131yla dolu dev bir organizasyon kap\u0131n\u0131za kadar geldi! \u00dcniversitemizin ev sahipli\u011finde d\u00fczenlenen ve b\u00f6lgemizin en kapsaml\u0131 kariyer etkinliklerinden biri olan <strong>Kuzeydo\u011fu Anadolu Kariyer Fuar\u0131 (KUDAKAF 2026)<\/strong>, bu hafta kap\u0131lar\u0131n\u0131 a\u00e7\u0131yor.<\/p>\n\n\n\n<p>\u00c7al\u0131\u015fma ve Sosyal G\u00fcvenlik Bakanl\u0131\u011f\u0131 T\u00fcrkiye \u0130\u015f Kurumu (\u0130\u015eKUR) koordinasyonunda ve <em>&#8220;Kariyerine G\u00fc\u00e7 Kat&#8221;<\/em> slogan\u0131yla hayata ge\u00e7irilen bu organizasyon, profesyonel i\u015f d\u00fcnyas\u0131na sa\u011flam bir ad\u0131m atman\u0131z i\u00e7in tasarland\u0131.<\/p>\n\n\n\n<h3 class=\"wp-block-heading\">Neden Kat\u0131lmal\u0131s\u0131n\u0131z?<\/h3>\n\n\n\n<p>Pasinler MYO&#8217;da ald\u0131\u011f\u0131n\u0131z nitelikli e\u011fitimi prati\u011fe d\u00f6n\u00fc\u015ft\u00fcrmek ve i\u015f d\u00fcnyas\u0131n\u0131n dinamiklerini yak\u0131ndan tan\u0131mak i\u00e7in bu f\u0131rsat\u0131 ka\u00e7\u0131rmay\u0131n. KUDAKAF 2026&#8217;da sizleri \u015funlar bekliyor:<\/p>\n\n\n\n<ul class=\"wp-block-list\">\n<li><strong>Do\u011frudan \u0130leti\u015fim:<\/strong> T\u00fcrkiye&#8217;nin \u00f6nde gelen kamu kurumlar\u0131, \u00f6zel sekt\u00f6r temsilcileri ve alan\u0131nda uzman profesyonellerle y\u00fcz y\u00fcze tan\u0131\u015fma \u015fans\u0131.<\/li>\n\n\n\n<li><strong>Staj ve \u0130\u015f \u0130mkanlar\u0131:<\/strong> Kendi b\u00f6l\u00fcm\u00fcn\u00fcze uygun staj f\u0131rsatlar\u0131n\u0131 yakalama ve firmalara do\u011frudan i\u015f ba\u015fvurusunda bulunma imkan\u0131.<\/li>\n\n\n\n<li><strong>Kariyer Geli\u015fimi:<\/strong> \u0130lham verici s\u00f6yle\u015filer, at\u00f6lye \u00e7al\u0131\u015fmalar\u0131 ve m\u00fclakat sim\u00fclasyonlar\u0131 ile yetkinliklerinizi art\u0131rma.<\/li>\n\n\n\n<li><strong>G\u00fc\u00e7l\u00fc Network (A\u011f Kurma):<\/strong> Mezuniyet sonras\u0131 size rehberlik edecek, s\u00fcrd\u00fcr\u00fclebilir profesyonel ba\u011flant\u0131lar kurma f\u0131rsat\u0131.<\/li>\n<\/ul>\n\n\n\n<h3 class=\"wp-block-heading\">Etkinlik Detaylar\u0131<\/h3>\n\n\n\n<ul class=\"wp-block-list\">\n<li><strong>Tarih:<\/strong> 29 &#8211; 30 Nisan 2026<\/li>\n\n\n\n<li><strong>Yer:<\/strong> Erzurum Recep Tayyip Erdo\u011fan Fuar Merkezi<\/li>\n\n\n\n<li><strong>Detayl\u0131 Bilgi ve Etkinlik Program\u0131:<\/strong> <a href=\"https:\/\/kudakaf.org\/\" target=\"_blank\" rel=\"noreferrer noopener\">kudakaf.org<\/a><\/li>\n<\/ul>\n\n\n\n<p>Kariyer yolculu\u011funuzda \u00f6nemli bir fark yaratmak ve potansiyelinizi i\u015f d\u00fcnyas\u0131yla bulu\u015fturmak i\u00e7in t\u00fcm \u00f6\u011frencilerimizi bu b\u00fcy\u00fck organizasyona davet ediyoruz. Gelece\u011finize y\u00f6n verecek bu stratejik bulu\u015fmada hepinizi aram\u0131zda g\u00f6rmekten b\u00fcy\u00fck memnuniyet duyaca\u011f\u0131z!<\/p>\n","protected":false},"excerpt":{"rendered":"<p>Sevgili Atat\u00fcrk \u00dcniversitesi Pasinler Meslek Y\u00fcksekokulu \u00d6\u011frencileri, Gelece\u011finizi \u015fekillendirecek, staj ve i\u015f f\u0131rsatlar\u0131yla dolu dev bir organizasyon kap\u0131n\u0131za kadar geldi! \u00dcniversitemizin ev sahipli\u011finde d\u00fczenlenen ve b\u00f6lgemizin en kapsaml\u0131 kariyer etkinliklerinden biri olan Kuzeydo\u011fu Anadolu Kariyer Fuar\u0131 (KUDAKAF 2026), bu hafta kap\u0131lar\u0131n\u0131 a\u00e7\u0131yor. \u00c7al\u0131\u015fma ve Sosyal G\u00fcvenlik Bakanl\u0131\u011f\u0131 T\u00fcrkiye \u0130\u015f Kurumu (\u0130\u015eKUR) koordinasyonunda ve &#8220;Kariyerine G\u00fc\u00e7 [&hellip;]<\/p>\n","protected":false},"author":410,"featured_media":6348,"comment_status":"closed","ping_status":"closed","sticky":false,"template":"","format":"standard","meta":{"footnotes":""},"categories":[46],"tags":[],"class_list":["post-8748","post","type-post","status-publish","format-standard","has-post-thumbnail","hentry","category-duyurular"],"_links":{"self":[{"href":"https:\/\/atauni.edu.tr\/pasinler-meslek-yuksekokulu\/wp-json\/wp\/v2\/posts\/8748","targetHints":{"allow":["GET"]}}],"collection":[{"href":"https:\/\/atauni.edu.tr\/pasinler-meslek-yuksekokulu\/wp-json\/wp\/v2\/posts"}],"about":[{"href":"https:\/\/atauni.edu.tr\/pasinler-meslek-yuksekokulu\/wp-json\/wp\/v2\/types\/post"}],"author":[{"embeddable":true,"href":"https:\/\/atauni.edu.tr\/pasinler-meslek-yuksekokulu\/wp-json\/wp\/v2\/users\/410"}],"replies":[{"embeddable":true,"href":"https:\/\/atauni.edu.tr\/pasinler-meslek-yuksekokulu\/wp-json\/wp\/v2\/comments?post=8748"}],"version-history":[{"count":1,"href":"https:\/\/atauni.edu.tr\/pasinler-meslek-yuksekokulu\/wp-json\/wp\/v2\/posts\/8748\/revisions"}],"predecessor-version":[{"id":8749,"href":"https:\/\/atauni.edu.tr\/pasinler-meslek-yuksekokulu\/wp-json\/wp\/v2\/posts\/8748\/revisions\/8749"}],"wp:featuredmedia":[{"embeddable":true,"href":"https:\/\/atauni.edu.tr\/pasinler-meslek-yuksekokulu\/wp-json\/wp\/v2\/media\/6348"}],"wp:attachment":[{"href":"https:\/\/atauni.edu.tr\/pasinler-meslek-yuksekokulu\/wp-json\/wp\/v2\/media?parent=8748"}],"wp:term":[{"taxonomy":"category","embeddable":true,"href":"https:\/\/atauni.edu.tr\/pasinler-meslek-yuksekokulu\/wp-json\/wp\/v2\/categories?post=8748"},{"taxonomy":"post_tag","embeddable":true,"href":"https:\/\/atauni.edu.tr\/pasinler-meslek-yuksekokulu\/wp-json\/wp\/v2\/tags?post=8748"}],"curies":[{"name":"wp","href":"https:\/\/api.w.org\/{rel}","templated":true}]}}