{"id":10472,"date":"2026-04-20T12:44:27","date_gmt":"2026-04-20T09:44:27","guid":{"rendered":"https:\/\/atauni.edu.tr\/sanat-tarihi\/?p=10472"},"modified":"2026-04-20T12:44:27","modified_gmt":"2026-04-20T09:44:27","slug":"giden-ogrenciden-gelecek-katilimciya-sanat-tarihi-bolumu-1-sinif-ogrencilerine-erasmus-staj-deneyimi-aktarimi-toplumsal-duyarlilik-projesi","status":"publish","type":"post","link":"https:\/\/atauni.edu.tr\/sanat-tarihi\/2026\/04\/20\/giden-ogrenciden-gelecek-katilimciya-sanat-tarihi-bolumu-1-sinif-ogrencilerine-erasmus-staj-deneyimi-aktarimi-toplumsal-duyarlilik-projesi\/","title":{"rendered":"&#8220;Giden \u00d6\u011frenciden Gelecek Kat\u0131l\u0131mc\u0131ya: Sanat Tarihi B\u00f6l\u00fcm\u00fc 1. S\u0131n\u0131f \u00d6\u011frencilerine Erasmus Staj Deneyimi Aktar\u0131m\u0131&#8221; Toplumsal Duyarl\u0131l\u0131k Projesi"},"content":{"rendered":"\n<figure class=\"wp-block-image size-full\"><img fetchpriority=\"high\" decoding=\"async\" width=\"720\" height=\"720\" src=\"https:\/\/atauni.edu.tr\/sanat-tarihi\/wp-content\/uploads\/sites\/151\/2026\/04\/unnamed-file.jpg\" alt=\"\" class=\"wp-image-10473\" srcset=\"https:\/\/atauni.edu.tr\/sanat-tarihi\/wp-content\/uploads\/sites\/151\/2026\/04\/unnamed-file.jpg 720w, https:\/\/atauni.edu.tr\/sanat-tarihi\/wp-content\/uploads\/sites\/151\/2026\/04\/unnamed-file-300x300.jpg 300w, https:\/\/atauni.edu.tr\/sanat-tarihi\/wp-content\/uploads\/sites\/151\/2026\/04\/unnamed-file-150x150.jpg 150w, https:\/\/atauni.edu.tr\/sanat-tarihi\/wp-content\/uploads\/sites\/151\/2026\/04\/unnamed-file-600x600.jpg 600w, https:\/\/atauni.edu.tr\/sanat-tarihi\/wp-content\/uploads\/sites\/151\/2026\/04\/unnamed-file-560x560.jpg 560w\" sizes=\"(max-width: 720px) 100vw, 720px\" \/><\/figure>\n\n\n\n<p>B\u00f6l\u00fcm\u00fcm\u00fcz lisans \u00f6\u011frencilerinden Zeliha \u015eEM\u0130L\u0130&#8217;nin y\u00fcr\u00fct\u00fcc\u00fcl\u00fc\u011f\u00fcn\u00fc yapt\u0131\u011f\u0131 ve b\u00f6l\u00fcm\u00fcm\u00fcz 1. S\u0131n\u0131f \u00f6\u011frencilerinin grup \u00fcyesi olarak kat\u0131lacaklar\u0131, grup \u00e7al\u0131\u015fmas\u0131 olarak d\u00fczenlenecek Toplumsal Duyarl\u0131l\u0131k Projesi kapsam\u0131nda b\u00f6l\u00fcm\u00fcm\u00fcz \u00f6\u011frencilerine Erasmus Staj Hareketlili\u011fi tan\u0131t\u0131m\u0131 yap\u0131lacakt\u0131r.<\/p>\n\n\n\n<p>22 Nisan \u00c7ar\u015famba g\u00fcn\u00fc 13:00&#8217;da Edebiyat Fak\u00fcltesi&#8217;nde bulunan A-405 numaral\u0131 s\u0131n\u0131fta 1. S\u0131n\u0131f \u00f6\u011frencilerine y\u00f6nelik yap\u0131lacak deneyim payla\u015f\u0131m\u0131na b\u00fct\u00fcn \u00f6\u011frencilerimiz davetlidir.<\/p>\n","protected":false},"excerpt":{"rendered":"<p>B\u00f6l\u00fcm\u00fcm\u00fcz lisans \u00f6\u011frencilerinden Zeliha \u015eEM\u0130L\u0130&#8217;nin y\u00fcr\u00fct\u00fcc\u00fcl\u00fc\u011f\u00fcn\u00fc yapt\u0131\u011f\u0131 ve b\u00f6l\u00fcm\u00fcm\u00fcz 1. S\u0131n\u0131f \u00f6\u011frencilerinin grup \u00fcyesi olarak kat\u0131lacaklar\u0131, grup \u00e7al\u0131\u015fmas\u0131 olarak d\u00fczenlenecek Toplumsal Duyarl\u0131l\u0131k Projesi kapsam\u0131nda b\u00f6l\u00fcm\u00fcm\u00fcz \u00f6\u011frencilerine Erasmus Staj Hareketlili\u011fi tan\u0131t\u0131m\u0131 yap\u0131lacakt\u0131r. 22 Nisan \u00c7ar\u015famba g\u00fcn\u00fc 13:00&#8217;da Edebiyat Fak\u00fcltesi&#8217;nde bulunan A-405 numaral\u0131 s\u0131n\u0131fta 1. S\u0131n\u0131f \u00f6\u011frencilerine y\u00f6nelik yap\u0131lacak deneyim payla\u015f\u0131m\u0131na b\u00fct\u00fcn \u00f6\u011frencilerimiz davetlidir.<\/p>\n","protected":false},"author":617,"featured_media":5831,"comment_status":"closed","ping_status":"closed","sticky":false,"template":"","format":"standard","meta":{"footnotes":""},"categories":[76],"tags":[],"class_list":["post-10472","post","type-post","status-publish","format-standard","has-post-thumbnail","hentry","category-duyurular"],"_links":{"self":[{"href":"https:\/\/atauni.edu.tr\/sanat-tarihi\/wp-json\/wp\/v2\/posts\/10472","targetHints":{"allow":["GET"]}}],"collection":[{"href":"https:\/\/atauni.edu.tr\/sanat-tarihi\/wp-json\/wp\/v2\/posts"}],"about":[{"href":"https:\/\/atauni.edu.tr\/sanat-tarihi\/wp-json\/wp\/v2\/types\/post"}],"author":[{"embeddable":true,"href":"https:\/\/atauni.edu.tr\/sanat-tarihi\/wp-json\/wp\/v2\/users\/617"}],"replies":[{"embeddable":true,"href":"https:\/\/atauni.edu.tr\/sanat-tarihi\/wp-json\/wp\/v2\/comments?post=10472"}],"version-history":[{"count":1,"href":"https:\/\/atauni.edu.tr\/sanat-tarihi\/wp-json\/wp\/v2\/posts\/10472\/revisions"}],"predecessor-version":[{"id":10474,"href":"https:\/\/atauni.edu.tr\/sanat-tarihi\/wp-json\/wp\/v2\/posts\/10472\/revisions\/10474"}],"wp:featuredmedia":[{"embeddable":true,"href":"https:\/\/atauni.edu.tr\/sanat-tarihi\/wp-json\/wp\/v2\/media\/5831"}],"wp:attachment":[{"href":"https:\/\/atauni.edu.tr\/sanat-tarihi\/wp-json\/wp\/v2\/media?parent=10472"}],"wp:term":[{"taxonomy":"category","embeddable":true,"href":"https:\/\/atauni.edu.tr\/sanat-tarihi\/wp-json\/wp\/v2\/categories?post=10472"},{"taxonomy":"post_tag","embeddable":true,"href":"https:\/\/atauni.edu.tr\/sanat-tarihi\/wp-json\/wp\/v2\/tags?post=10472"}],"curies":[{"name":"wp","href":"https:\/\/api.w.org\/{rel}","templated":true}]}}