{"id":9015,"date":"2025-04-12T18:34:18","date_gmt":"2025-04-12T15:34:18","guid":{"rendered":"https:\/\/birimler.atauni.edu.tr\/sosyal-bilimler-enstitusu\/?p=9015"},"modified":"2025-04-12T18:38:27","modified_gmt":"2025-04-12T15:38:27","slug":"kuzey-dogu-anadolu-kariyer-fuari-kudakaf25","status":"publish","type":"post","link":"https:\/\/atauni.edu.tr\/sosyal-bilimler-enstitusu\/kuzey-dogu-anadolu-kariyer-fuari-kudakaf25\/","title":{"rendered":"Kuzey Do\u011fu Anadolu Kariyer Fuar\u0131 (KUDAKAF\u201925)"},"content":{"rendered":"\t\t<div data-elementor-type=\"wp-post\" data-elementor-id=\"9015\" class=\"elementor elementor-9015\" data-elementor-post-type=\"post\">\n\t\t\t\t\t\t<section class=\"elementor-section elementor-top-section elementor-element elementor-element-9a7cb24 elementor-section-boxed elementor-section-height-default elementor-section-height-default\" data-id=\"9a7cb24\" data-element_type=\"section\">\n\t\t\t\t\t\t<div class=\"elementor-container elementor-column-gap-default\">\n\t\t\t\t\t<div class=\"elementor-column elementor-col-100 elementor-top-column elementor-element elementor-element-fe27b87\" data-id=\"fe27b87\" data-element_type=\"column\">\n\t\t\t<div class=\"elementor-widget-wrap elementor-element-populated\">\n\t\t\t\t\t\t<div class=\"elementor-element elementor-element-2619b0e elementor-widget elementor-widget-text-editor\" data-id=\"2619b0e\" data-element_type=\"widget\" data-widget_type=\"text-editor.default\">\n\t\t\t\t<div class=\"elementor-widget-container\">\n\t\t\t\t\t\t\t\t\t<p>Atat\u00fcrk \u00dcniversitesi ev sahipli\u011finde ve 8 b\u00f6lge \u00fcniversitesinin payda\u015fl\u0131\u011f\u0131nda, Cumhurba\u015fkan\u0131 Recep Tayyip Erdo\u011fan\u2019\u0131n kat\u0131l\u0131m\u0131yla\u00a0<strong>25-26 Nisan 2025<\/strong>\u00a0tarihlerinde\u00a0<strong>Kuzey Do\u011fu Anadolu Kariyer Fuar\u0131 (KUDAKAF\u201925)<\/strong>\u00a0d\u00fczenlenecektir. Recep Tayyip Erdo\u011fan Fuar Merkezinde ger\u00e7ekle\u015fecek dev organizasyona siz de\u011ferli lisans\u00fcst\u00fc \u00f6\u011frencilerimizin kat\u0131l\u0131mlar\u0131n\u0131 beklemekteyiz.<\/p>\t\t\t\t\t\t\t\t<\/div>\n\t\t\t\t<\/div>\n\t\t\t\t\t<\/div>\n\t\t<\/div>\n\t\t\t\t\t<\/div>\n\t\t<\/section>\n\t\t\t\t<section class=\"elementor-section elementor-top-section elementor-element elementor-element-bd6a066 elementor-section-boxed elementor-section-height-default elementor-section-height-default\" data-id=\"bd6a066\" data-element_type=\"section\">\n\t\t\t\t\t\t<div class=\"elementor-container elementor-column-gap-default\">\n\t\t\t\t\t<div class=\"elementor-column elementor-col-100 elementor-top-column elementor-element elementor-element-61162df\" data-id=\"61162df\" data-element_type=\"column\">\n\t\t\t<div class=\"elementor-widget-wrap elementor-element-populated\">\n\t\t\t\t\t\t<div class=\"elementor-element elementor-element-03fcb09 elementor-widget elementor-widget-image\" data-id=\"03fcb09\" data-element_type=\"widget\" data-widget_type=\"image.default\">\n\t\t\t\t<div class=\"elementor-widget-container\">\n\t\t\t\t\t\t\t\t\t\t\t\t\t\t\t<img fetchpriority=\"high\" decoding=\"async\" width=\"276\" height=\"591\" src=\"https:\/\/atauni.edu.tr\/sosyal-bilimler-enstitusu\/wp-content\/uploads\/sites\/798\/2025\/04\/KUDAKAF.jpg\" class=\"attachment-large size-large wp-image-9011\" alt=\"\" srcset=\"https:\/\/atauni.edu.tr\/sosyal-bilimler-enstitusu\/wp-content\/uploads\/sites\/798\/2025\/04\/KUDAKAF.jpg 276w, https:\/\/atauni.edu.tr\/sosyal-bilimler-enstitusu\/wp-content\/uploads\/sites\/798\/2025\/04\/KUDAKAF-140x300.jpg 140w, https:\/\/atauni.edu.tr\/sosyal-bilimler-enstitusu\/wp-content\/uploads\/sites\/798\/2025\/04\/KUDAKAF-262x560.jpg 262w\" sizes=\"(max-width: 276px) 100vw, 276px\" \/>\t\t\t\t\t\t\t\t\t\t\t\t\t\t\t<\/div>\n\t\t\t\t<\/div>\n\t\t\t\t\t<\/div>\n\t\t<\/div>\n\t\t\t\t\t<\/div>\n\t\t<\/section>\n\t\t\t\t<\/div>\n\t\t","protected":false},"excerpt":{"rendered":"<p>Atat\u00fcrk \u00dcniversitesi ev sahipli\u011finde ve 8 b\u00f6lge \u00fcniversitesinin payda\u015fl\u0131\u011f\u0131nda, Cumhurba\u015fkan\u0131 Recep Tayyip Erdo\u011fan\u2019\u0131n kat\u0131l\u0131m\u0131yla\u00a025-26 Nisan 2025\u00a0tarihlerinde\u00a0Kuzey Do\u011fu Anadolu Kariyer Fuar\u0131 (KUDAKAF\u201925)\u00a0d\u00fczenlenecektir. Recep Tayyip Erdo\u011fan Fuar Merkezinde ger\u00e7ekle\u015fecek dev organizasyona siz de\u011ferli lisans\u00fcst\u00fc \u00f6\u011frencilerimizin kat\u0131l\u0131mlar\u0131n\u0131 beklemekteyiz.<\/p>\n","protected":false},"author":625,"featured_media":0,"comment_status":"closed","ping_status":"closed","sticky":false,"template":"","format":"standard","meta":{"footnotes":""},"categories":[42],"tags":[],"class_list":["post-9015","post","type-post","status-publish","format-standard","hentry","category-haberler"],"_links":{"self":[{"href":"https:\/\/atauni.edu.tr\/sosyal-bilimler-enstitusu\/wp-json\/wp\/v2\/posts\/9015","targetHints":{"allow":["GET"]}}],"collection":[{"href":"https:\/\/atauni.edu.tr\/sosyal-bilimler-enstitusu\/wp-json\/wp\/v2\/posts"}],"about":[{"href":"https:\/\/atauni.edu.tr\/sosyal-bilimler-enstitusu\/wp-json\/wp\/v2\/types\/post"}],"author":[{"embeddable":true,"href":"https:\/\/atauni.edu.tr\/sosyal-bilimler-enstitusu\/wp-json\/wp\/v2\/users\/625"}],"replies":[{"embeddable":true,"href":"https:\/\/atauni.edu.tr\/sosyal-bilimler-enstitusu\/wp-json\/wp\/v2\/comments?post=9015"}],"version-history":[{"count":7,"href":"https:\/\/atauni.edu.tr\/sosyal-bilimler-enstitusu\/wp-json\/wp\/v2\/posts\/9015\/revisions"}],"predecessor-version":[{"id":9022,"href":"https:\/\/atauni.edu.tr\/sosyal-bilimler-enstitusu\/wp-json\/wp\/v2\/posts\/9015\/revisions\/9022"}],"wp:attachment":[{"href":"https:\/\/atauni.edu.tr\/sosyal-bilimler-enstitusu\/wp-json\/wp\/v2\/media?parent=9015"}],"wp:term":[{"taxonomy":"category","embeddable":true,"href":"https:\/\/atauni.edu.tr\/sosyal-bilimler-enstitusu\/wp-json\/wp\/v2\/categories?post=9015"},{"taxonomy":"post_tag","embeddable":true,"href":"https:\/\/atauni.edu.tr\/sosyal-bilimler-enstitusu\/wp-json\/wp\/v2\/tags?post=9015"}],"curies":[{"name":"wp","href":"https:\/\/api.w.org\/{rel}","templated":true}]}}