{"id":9447,"date":"2025-10-13T23:46:54","date_gmt":"2025-10-13T20:46:54","guid":{"rendered":"https:\/\/birimler.atauni.edu.tr\/sosyal-bilimler-enstitusu\/?p=9447"},"modified":"2025-10-14T05:54:34","modified_gmt":"2025-10-14T02:54:34","slug":"enstitumuzun-temel-islam-bilimleri-ana-bilim-dalinda-tamamlanan-doktora-tezleri-odul-aldi","status":"publish","type":"post","link":"https:\/\/atauni.edu.tr\/sosyal-bilimler-enstitusu\/enstitumuzun-temel-islam-bilimleri-ana-bilim-dalinda-tamamlanan-doktora-tezleri-odul-aldi\/","title":{"rendered":"\u0130slam Tarihi ve Sanatlar\u0131 ile Temel \u0130slam Bilimleri Ana Bilim Dal\u0131nda Tamamlanan Doktora Tezleri \u00d6d\u00fcl Ald\u0131"},"content":{"rendered":"\t\t<div data-elementor-type=\"wp-post\" data-elementor-id=\"9447\" class=\"elementor elementor-9447\" data-elementor-post-type=\"post\">\n\t\t\t\t\t\t<section class=\"elementor-section elementor-top-section elementor-element elementor-element-bd62ef0 elementor-section-boxed elementor-section-height-default elementor-section-height-default\" data-id=\"bd62ef0\" data-element_type=\"section\">\n\t\t\t\t\t\t<div class=\"elementor-container elementor-column-gap-default\">\n\t\t\t\t\t<div class=\"elementor-column elementor-col-100 elementor-top-column elementor-element elementor-element-828d949\" data-id=\"828d949\" data-element_type=\"column\">\n\t\t\t<div class=\"elementor-widget-wrap elementor-element-populated\">\n\t\t\t\t\t\t<div class=\"elementor-element elementor-element-2453b5b elementor-widget__width-initial elementor-widget elementor-widget-text-editor\" data-id=\"2453b5b\" data-element_type=\"widget\" data-widget_type=\"text-editor.default\">\n\t\t\t\t<div class=\"elementor-widget-container\">\n\t\t\t\t\t\t\t\t\t<p>Enstit\u00fcm\u00fcz \u0130slam Tarihi ve Sanatlar\u0131 Ana Bilim Dal\u0131nda<em> \u201cMekke\u2019nin Ticar\u00ee Bir Merkeze D\u00f6n\u00fc\u015fmesi ve \u0130sl\u00e2m\u2019a Muhalefetteki Rol\u00fc<\/em>\u201d adl\u0131 Doktora Tezini Tamamlayan <strong>Furkan \u00c7ELEB\u0130 Malatya \u0130lahiyat Vakf\u0131<\/strong> taraf\u0131ndan d\u00fczenlenen tez yar\u0131\u015fmas\u0131 <strong>1. <\/strong>olarak dereceye girmi\u015ftir. Ayn\u0131 yar\u0131\u015fmada Enstit\u00fcm\u00fcz Temel \u0130slam Bilimleri Ana Bilim Dal\u0131nda \u201c<em>Mezhep Siyaset \u0130li\u015fkisi: Erken D\u00f6nem E\u015f&#8217;arilik ve Mu&#8217;tezile \u00d6rne\u011fi<\/em>\u201d adl\u0131 Doktora Tezini tamamlayan <strong>Edip YILMAZ <\/strong>ise\u00a0<strong>2.<\/strong>\u00a0olarak dereceye girmi\u015ftir.<\/p><p>Ayr\u0131ca <strong>Edip YILMAZ<\/strong>, Kastamonu \u00dcniversitesi Muhammed \u0130hsan O\u011fuz Uygulama ve Ara\u015ft\u0131rma Merkezi taraf\u0131ndan d\u00fczenlenen &#8220;<strong>VI.Muhammed \u0130hsan O\u011fuz \u0130lahiyat Lisans\u00fcst\u00fc Tez Yar\u0131\u015fmas\u0131&#8221;\u00a0<\/strong>sonu\u00e7lar\u0131na g\u00f6re Doktora kategorisinde <strong>3.<\/strong> olarak dereceye girmi\u015ftir.<\/p><p>\u00d6\u011frencilerimiz ile dan\u0131\u015fman hocalar\u0131m\u0131z Prof. Dr. Osman G\u00dcRB\u00dcZ\u00a0 ve Prof. Dr. Mehmet Zeki \u0130\u015eCAN&#8217;\u0131 tebrik ederiz.<\/p><p><a href=\"https:\/\/muhammedihsanoguz.kastamonu.edu.tr\/index.php\/component\/content\/article\/vi-muhammed-ihsan-oguz-ilahiyat-lisansuestue-tez-yarismasi-sonuclari-belirilendi?catid=2&amp;Itemid=101\">https:\/\/muhammedihsanoguz.kastamonu.edu.tr\/index.php\/component\/content\/article\/vi-muhammed-ihsan-oguz-ilahiyat-lisansuestue-tez-yarismasi-sonuclari-belirilendi?catid=2&amp;Itemid=101<\/a><\/p><p><a href=\"https:\/\/milvak.org\/\">https:\/\/milvak.org\/<\/a><\/p>\t\t\t\t\t\t\t\t<\/div>\n\t\t\t\t<\/div>\n\t\t\t\t\t<\/div>\n\t\t<\/div>\n\t\t\t\t\t<\/div>\n\t\t<\/section>\n\t\t\t\t<\/div>\n\t\t","protected":false},"excerpt":{"rendered":"<p>Enstit\u00fcm\u00fcz \u0130slam Tarihi ve Sanatlar\u0131 Ana Bilim Dal\u0131nda \u201cMekke\u2019nin Ticar\u00ee Bir Merkeze D\u00f6n\u00fc\u015fmesi ve \u0130sl\u00e2m\u2019a Muhalefetteki Rol\u00fc\u201d adl\u0131 Doktora Tezini Tamamlayan Furkan \u00c7ELEB\u0130 Malatya \u0130lahiyat Vakf\u0131 taraf\u0131ndan d\u00fczenlenen tez yar\u0131\u015fmas\u0131 1. olarak dereceye girmi\u015ftir. Ayn\u0131 yar\u0131\u015fmada Enstit\u00fcm\u00fcz Temel \u0130slam Bilimleri Ana Bilim Dal\u0131nda \u201cMezhep Siyaset \u0130li\u015fkisi: Erken D\u00f6nem E\u015f&#8217;arilik ve Mu&#8217;tezile \u00d6rne\u011fi\u201d adl\u0131 Doktora Tezini [&hellip;]<\/p>\n","protected":false},"author":625,"featured_media":0,"comment_status":"closed","ping_status":"closed","sticky":false,"template":"","format":"standard","meta":{"footnotes":""},"categories":[1,42],"tags":[],"class_list":["post-9447","post","type-post","status-publish","format-standard","hentry","category-genel","category-haberler"],"_links":{"self":[{"href":"https:\/\/atauni.edu.tr\/sosyal-bilimler-enstitusu\/wp-json\/wp\/v2\/posts\/9447","targetHints":{"allow":["GET"]}}],"collection":[{"href":"https:\/\/atauni.edu.tr\/sosyal-bilimler-enstitusu\/wp-json\/wp\/v2\/posts"}],"about":[{"href":"https:\/\/atauni.edu.tr\/sosyal-bilimler-enstitusu\/wp-json\/wp\/v2\/types\/post"}],"author":[{"embeddable":true,"href":"https:\/\/atauni.edu.tr\/sosyal-bilimler-enstitusu\/wp-json\/wp\/v2\/users\/625"}],"replies":[{"embeddable":true,"href":"https:\/\/atauni.edu.tr\/sosyal-bilimler-enstitusu\/wp-json\/wp\/v2\/comments?post=9447"}],"version-history":[{"count":19,"href":"https:\/\/atauni.edu.tr\/sosyal-bilimler-enstitusu\/wp-json\/wp\/v2\/posts\/9447\/revisions"}],"predecessor-version":[{"id":9470,"href":"https:\/\/atauni.edu.tr\/sosyal-bilimler-enstitusu\/wp-json\/wp\/v2\/posts\/9447\/revisions\/9470"}],"wp:attachment":[{"href":"https:\/\/atauni.edu.tr\/sosyal-bilimler-enstitusu\/wp-json\/wp\/v2\/media?parent=9447"}],"wp:term":[{"taxonomy":"category","embeddable":true,"href":"https:\/\/atauni.edu.tr\/sosyal-bilimler-enstitusu\/wp-json\/wp\/v2\/categories?post=9447"},{"taxonomy":"post_tag","embeddable":true,"href":"https:\/\/atauni.edu.tr\/sosyal-bilimler-enstitusu\/wp-json\/wp\/v2\/tags?post=9447"}],"curies":[{"name":"wp","href":"https:\/\/api.w.org\/{rel}","templated":true}]}}