{"id":9494,"date":"2025-11-09T23:43:21","date_gmt":"2025-11-09T20:43:21","guid":{"rendered":"https:\/\/birimler.atauni.edu.tr\/sosyal-bilimler-enstitusu\/?p=9494"},"modified":"2025-11-09T23:56:27","modified_gmt":"2025-11-09T20:56:27","slug":"ataturk-universitesinde-doktora-mezuniyet-ve-en-iyi-tez-odul-toreni-duzenlendi","status":"publish","type":"post","link":"https:\/\/atauni.edu.tr\/sosyal-bilimler-enstitusu\/ataturk-universitesinde-doktora-mezuniyet-ve-en-iyi-tez-odul-toreni-duzenlendi\/","title":{"rendered":"ATAT\u00dcRK \u00dcN\u0130VERS\u0130TES\u0130NDE DOKTORA MEZUN\u0130YET VE EN \u0130Y\u0130 TEZ \u00d6D\u00dcL T\u00d6REN\u0130 D\u00dcZENLEND\u0130"},"content":{"rendered":"\t\t<div data-elementor-type=\"wp-post\" data-elementor-id=\"9494\" class=\"elementor elementor-9494\" data-elementor-post-type=\"post\">\n\t\t\t\t\t\t<section class=\"elementor-section elementor-top-section elementor-element elementor-element-0fc8536 elementor-section-boxed elementor-section-height-default elementor-section-height-default\" data-id=\"0fc8536\" data-element_type=\"section\">\n\t\t\t\t\t\t<div class=\"elementor-container elementor-column-gap-default\">\n\t\t\t\t\t<div class=\"elementor-column elementor-col-100 elementor-top-column elementor-element elementor-element-659f11c\" data-id=\"659f11c\" data-element_type=\"column\">\n\t\t\t<div class=\"elementor-widget-wrap elementor-element-populated\">\n\t\t\t\t\t\t<div class=\"elementor-element elementor-element-775fec4 elementor-widget elementor-widget-text-editor\" data-id=\"775fec4\" data-element_type=\"widget\" data-widget_type=\"text-editor.default\">\n\t\t\t\t<div class=\"elementor-widget-container\">\n\t\t\t\t\t\t\t\t\t<p>B<strong>ilimin\u00a0 \u00d6nc\u00fcleri, Atat\u00fcrk \u00dcniversitesi\u2019nden Gururla Mezun Oldu<\/strong><\/p><p>Atat\u00fcrk \u00dcniversitesi, bilimsel \u00fcretkenli\u011fi te\u015fvik eden, ara\u015ft\u0131rma temelli \u00f6\u011frenmeyi destekleyen ve \u00fclkemizin gelece\u011fine y\u00f6n verecek nitelikli akademisyenler yeti\u015ftirmeyi ama\u00e7layan vizyonunun \u00f6nemli bir yans\u0131mas\u0131 olan \u201cDoktora Mezuniyet ve En \u0130yi Tez \u00d6d\u00fcl T\u00f6reni\u201dni b\u00fcy\u00fck bir co\u015fkuyla ger\u00e7ekle\u015ftirdi.<\/p><p>\u00dcniversite tarihinde ilk kez d\u00fczenlenen bu anlaml\u0131 t\u00f6ren, Rekt\u00f6r Prof. Dr. Ahmet Hac\u0131m\u00fcft\u00fco\u011flu\u2019nun kat\u0131l\u0131m\u0131yla 15 Temmuz Milli \u0130rade Salonunda d\u00fczenlendi. Akademik camiadan yo\u011fun kat\u0131l\u0131m\u0131n oldu\u011fu programda, rekt\u00f6r yard\u0131mc\u0131lar\u0131, enstit\u00fc m\u00fcd\u00fcrleri, dan\u0131\u015fman \u00f6\u011fretim \u00fcyeleri, mezun \u00f6\u011frenciler ve aileleri haz\u0131r bulundu.<\/p><p><strong>Sosyal Bilimler Alan\u0131nda:<\/strong> \u201cYapay Zek\u00e2 ve Dindarl\u0131k: Din Psikolojisi \u00c7al\u0131\u015fmalar\u0131na Y\u00f6ntemsel Bir Yakla\u015f\u0131m\u201d ba\u015fl\u0131kl\u0131 teziyle Dr. Murat \u00c7inici ve dan\u0131\u015fman\u0131 Prof. Dr. Muhammed K\u0131z\u0131lge\u00e7it, y\u0131l\u0131n en ba\u015far\u0131l\u0131 tez \u00f6d\u00fcl\u00fcne lay\u0131k g\u00f6r\u00fcld\u00fc.<\/p><p>T\u00f6rende ayr\u0131ca 1 Eyl\u00fcl 2023 \u2013 30 Eyl\u00fcl 2025 tarihleri aras\u0131nda tezini ba\u015far\u0131yla savunarak mezuniyet hakk\u0131 kazanan t\u00fcm \u00f6\u011frenciler belgelerini ald\u0131. Atat\u00fcrk \u0130lkeleri ve \u0130nk\u0131l\u00e2p Tarihi, E\u011fitim Bilimleri, Fen Bilimleri, G\u00fczel Sanatlar, K\u0131\u015f Sporlar\u0131 ve Spor Bilimleri, Sa\u011fl\u0131k Bilimleri, Sosyal Bilimler ve T\u00fcrkiyat Ara\u015ft\u0131rmalar\u0131 Enstit\u00fcs\u00fc mezunlar\u0131 tek tek sahneye davet edilerek b\u00fcy\u00fck bir gururla diplomalar\u0131n\u0131 ald\u0131.<\/p>\t\t\t\t\t\t\t\t<\/div>\n\t\t\t\t<\/div>\n\t\t\t\t\t<\/div>\n\t\t<\/div>\n\t\t\t\t\t<\/div>\n\t\t<\/section>\n\t\t\t\t<section class=\"elementor-section elementor-top-section elementor-element elementor-element-fa98f52 elementor-section-boxed elementor-section-height-default elementor-section-height-default\" data-id=\"fa98f52\" data-element_type=\"section\">\n\t\t\t\t\t\t<div class=\"elementor-container elementor-column-gap-default\">\n\t\t\t\t\t<div class=\"elementor-column elementor-col-100 elementor-top-column elementor-element elementor-element-c195167\" data-id=\"c195167\" data-element_type=\"column\">\n\t\t\t<div class=\"elementor-widget-wrap elementor-element-populated\">\n\t\t\t\t\t\t<div class=\"elementor-element elementor-element-80fa012 elementor-widget elementor-widget-gallery\" data-id=\"80fa012\" data-element_type=\"widget\" data-settings=\"{&quot;lazyload&quot;:&quot;yes&quot;,&quot;gallery_layout&quot;:&quot;grid&quot;,&quot;columns&quot;:4,&quot;columns_tablet&quot;:2,&quot;columns_mobile&quot;:1,&quot;gap&quot;:{&quot;unit&quot;:&quot;px&quot;,&quot;size&quot;:10,&quot;sizes&quot;:[]},&quot;gap_tablet&quot;:{&quot;unit&quot;:&quot;px&quot;,&quot;size&quot;:10,&quot;sizes&quot;:[]},&quot;gap_mobile&quot;:{&quot;unit&quot;:&quot;px&quot;,&quot;size&quot;:10,&quot;sizes&quot;:[]},&quot;link_to&quot;:&quot;file&quot;,&quot;aspect_ratio&quot;:&quot;3:2&quot;,&quot;overlay_background&quot;:&quot;yes&quot;,&quot;content_hover_animation&quot;:&quot;fade-in&quot;}\" data-widget_type=\"gallery.default\">\n\t\t\t\t<div class=\"elementor-widget-container\">\n\t\t\t\t\t\t\t<div class=\"elementor-gallery__container\">\n\t\t\t\t\t\t\t<a class=\"e-gallery-item elementor-gallery-item elementor-animated-content\" href=\"https:\/\/atauni.edu.tr\/sosyal-bilimler-enstitusu\/wp-content\/uploads\/sites\/798\/2025\/11\/2-scaled.jpg\" data-elementor-open-lightbox=\"yes\" data-elementor-lightbox-slideshow=\"80fa012\" data-elementor-lightbox-title=\"2\" data-e-action-hash=\"#elementor-action%3Aaction%3Dlightbox%26settings%3DeyJpZCI6OTUwMCwidXJsIjoiaHR0cHM6XC9cL2F0YXVuaS5lZHUudHJcL3Nvc3lhbC1iaWxpbWxlci1lbnN0aXR1c3VcL3dwLWNvbnRlbnRcL3VwbG9hZHNcL3NpdGVzXC83OThcLzIwMjVcLzExXC8yLXNjYWxlZC5qcGciLCJzbGlkZXNob3ciOiI4MGZhMDEyIn0%3D\">\n\t\t\t\t\t<div class=\"e-gallery-image elementor-gallery-item__image\" data-thumbnail=\"https:\/\/atauni.edu.tr\/sosyal-bilimler-enstitusu\/wp-content\/uploads\/sites\/798\/2025\/11\/2-300x176.jpg\" data-width=\"300\" data-height=\"176\" aria-label=\"\" role=\"img\" ><\/div>\n\t\t\t\t\t\t\t\t\t\t\t<div class=\"elementor-gallery-item__overlay\"><\/div>\n\t\t\t\t\t\t\t\t\t\t\t\t\t\t<\/a>\n\t\t\t\t\t\t\t<a class=\"e-gallery-item elementor-gallery-item elementor-animated-content\" href=\"https:\/\/atauni.edu.tr\/sosyal-bilimler-enstitusu\/wp-content\/uploads\/sites\/798\/2025\/11\/3-scaled.jpg\" data-elementor-open-lightbox=\"yes\" data-elementor-lightbox-slideshow=\"80fa012\" data-elementor-lightbox-title=\"3\" data-e-action-hash=\"#elementor-action%3Aaction%3Dlightbox%26settings%3DeyJpZCI6OTUwMSwidXJsIjoiaHR0cHM6XC9cL2F0YXVuaS5lZHUudHJcL3Nvc3lhbC1iaWxpbWxlci1lbnN0aXR1c3VcL3dwLWNvbnRlbnRcL3VwbG9hZHNcL3NpdGVzXC83OThcLzIwMjVcLzExXC8zLXNjYWxlZC5qcGciLCJzbGlkZXNob3ciOiI4MGZhMDEyIn0%3D\">\n\t\t\t\t\t<div class=\"e-gallery-image elementor-gallery-item__image\" data-thumbnail=\"https:\/\/atauni.edu.tr\/sosyal-bilimler-enstitusu\/wp-content\/uploads\/sites\/798\/2025\/11\/3-300x200.jpg\" data-width=\"300\" data-height=\"200\" aria-label=\"\" role=\"img\" ><\/div>\n\t\t\t\t\t\t\t\t\t\t\t<div class=\"elementor-gallery-item__overlay\"><\/div>\n\t\t\t\t\t\t\t\t\t\t\t\t\t\t<\/a>\n\t\t\t\t\t\t\t<a class=\"e-gallery-item elementor-gallery-item elementor-animated-content\" href=\"https:\/\/atauni.edu.tr\/sosyal-bilimler-enstitusu\/wp-content\/uploads\/sites\/798\/2025\/11\/4-scaled.jpg\" data-elementor-open-lightbox=\"yes\" data-elementor-lightbox-slideshow=\"80fa012\" data-elementor-lightbox-title=\"4\" data-e-action-hash=\"#elementor-action%3Aaction%3Dlightbox%26settings%3DeyJpZCI6OTUwMiwidXJsIjoiaHR0cHM6XC9cL2F0YXVuaS5lZHUudHJcL3Nvc3lhbC1iaWxpbWxlci1lbnN0aXR1c3VcL3dwLWNvbnRlbnRcL3VwbG9hZHNcL3NpdGVzXC83OThcLzIwMjVcLzExXC80LXNjYWxlZC5qcGciLCJzbGlkZXNob3ciOiI4MGZhMDEyIn0%3D\">\n\t\t\t\t\t<div class=\"e-gallery-image elementor-gallery-item__image\" data-thumbnail=\"https:\/\/atauni.edu.tr\/sosyal-bilimler-enstitusu\/wp-content\/uploads\/sites\/798\/2025\/11\/4-300x200.jpg\" data-width=\"300\" data-height=\"200\" aria-label=\"\" role=\"img\" ><\/div>\n\t\t\t\t\t\t\t\t\t\t\t<div class=\"elementor-gallery-item__overlay\"><\/div>\n\t\t\t\t\t\t\t\t\t\t\t\t\t\t<\/a>\n\t\t\t\t\t\t\t<a class=\"e-gallery-item elementor-gallery-item elementor-animated-content\" href=\"https:\/\/atauni.edu.tr\/sosyal-bilimler-enstitusu\/wp-content\/uploads\/sites\/798\/2025\/11\/1-scaled.jpg\" data-elementor-open-lightbox=\"yes\" data-elementor-lightbox-slideshow=\"80fa012\" data-elementor-lightbox-title=\"1\" data-e-action-hash=\"#elementor-action%3Aaction%3Dlightbox%26settings%3DeyJpZCI6OTQ5OSwidXJsIjoiaHR0cHM6XC9cL2F0YXVuaS5lZHUudHJcL3Nvc3lhbC1iaWxpbWxlci1lbnN0aXR1c3VcL3dwLWNvbnRlbnRcL3VwbG9hZHNcL3NpdGVzXC83OThcLzIwMjVcLzExXC8xLXNjYWxlZC5qcGciLCJzbGlkZXNob3ciOiI4MGZhMDEyIn0%3D\">\n\t\t\t\t\t<div class=\"e-gallery-image elementor-gallery-item__image\" data-thumbnail=\"https:\/\/atauni.edu.tr\/sosyal-bilimler-enstitusu\/wp-content\/uploads\/sites\/798\/2025\/11\/1-300x175.jpg\" data-width=\"300\" data-height=\"175\" aria-label=\"\" role=\"img\" ><\/div>\n\t\t\t\t\t\t\t\t\t\t\t<div class=\"elementor-gallery-item__overlay\"><\/div>\n\t\t\t\t\t\t\t\t\t\t\t\t\t\t<\/a>\n\t\t\t\t\t<\/div>\n\t\t\t\t\t<\/div>\n\t\t\t\t<\/div>\n\t\t\t\t\t<\/div>\n\t\t<\/div>\n\t\t\t\t\t<\/div>\n\t\t<\/section>\n\t\t\t\t<\/div>\n\t\t","protected":false},"excerpt":{"rendered":"<p>Bilimin\u00a0 \u00d6nc\u00fcleri, Atat\u00fcrk \u00dcniversitesi\u2019nden Gururla Mezun Oldu Atat\u00fcrk \u00dcniversitesi, bilimsel \u00fcretkenli\u011fi te\u015fvik eden, ara\u015ft\u0131rma temelli \u00f6\u011frenmeyi destekleyen ve \u00fclkemizin gelece\u011fine y\u00f6n verecek nitelikli akademisyenler yeti\u015ftirmeyi ama\u00e7layan vizyonunun \u00f6nemli bir yans\u0131mas\u0131 olan \u201cDoktora Mezuniyet ve En \u0130yi Tez \u00d6d\u00fcl T\u00f6reni\u201dni b\u00fcy\u00fck bir co\u015fkuyla ger\u00e7ekle\u015ftirdi. \u00dcniversite tarihinde ilk kez d\u00fczenlenen bu anlaml\u0131 t\u00f6ren, Rekt\u00f6r Prof. Dr. Ahmet [&hellip;]<\/p>\n","protected":false},"author":625,"featured_media":0,"comment_status":"closed","ping_status":"closed","sticky":false,"template":"","format":"standard","meta":{"footnotes":""},"categories":[1,42],"tags":[],"class_list":["post-9494","post","type-post","status-publish","format-standard","hentry","category-genel","category-haberler"],"_links":{"self":[{"href":"https:\/\/atauni.edu.tr\/sosyal-bilimler-enstitusu\/wp-json\/wp\/v2\/posts\/9494","targetHints":{"allow":["GET"]}}],"collection":[{"href":"https:\/\/atauni.edu.tr\/sosyal-bilimler-enstitusu\/wp-json\/wp\/v2\/posts"}],"about":[{"href":"https:\/\/atauni.edu.tr\/sosyal-bilimler-enstitusu\/wp-json\/wp\/v2\/types\/post"}],"author":[{"embeddable":true,"href":"https:\/\/atauni.edu.tr\/sosyal-bilimler-enstitusu\/wp-json\/wp\/v2\/users\/625"}],"replies":[{"embeddable":true,"href":"https:\/\/atauni.edu.tr\/sosyal-bilimler-enstitusu\/wp-json\/wp\/v2\/comments?post=9494"}],"version-history":[{"count":7,"href":"https:\/\/atauni.edu.tr\/sosyal-bilimler-enstitusu\/wp-json\/wp\/v2\/posts\/9494\/revisions"}],"predecessor-version":[{"id":9506,"href":"https:\/\/atauni.edu.tr\/sosyal-bilimler-enstitusu\/wp-json\/wp\/v2\/posts\/9494\/revisions\/9506"}],"wp:attachment":[{"href":"https:\/\/atauni.edu.tr\/sosyal-bilimler-enstitusu\/wp-json\/wp\/v2\/media?parent=9494"}],"wp:term":[{"taxonomy":"category","embeddable":true,"href":"https:\/\/atauni.edu.tr\/sosyal-bilimler-enstitusu\/wp-json\/wp\/v2\/categories?post=9494"},{"taxonomy":"post_tag","embeddable":true,"href":"https:\/\/atauni.edu.tr\/sosyal-bilimler-enstitusu\/wp-json\/wp\/v2\/tags?post=9494"}],"curies":[{"name":"wp","href":"https:\/\/api.w.org\/{rel}","templated":true}]}}