{"id":8968,"date":"2026-04-16T09:43:31","date_gmt":"2026-04-16T06:43:31","guid":{"rendered":"https:\/\/atauni.edu.tr\/sosyal-bilimler-meslek-yuksekokulu\/?p=8968"},"modified":"2026-04-16T09:43:58","modified_gmt":"2026-04-16T06:43:58","slug":"erzurum-havalimanina-sektor-akademi-is-birligi-kapsaminda-anlamli-ziyaret","status":"publish","type":"post","link":"https:\/\/atauni.edu.tr\/sosyal-bilimler-meslek-yuksekokulu\/2026\/04\/16\/erzurum-havalimanina-sektor-akademi-is-birligi-kapsaminda-anlamli-ziyaret\/","title":{"rendered":"Erzurum Havaliman\u0131\u2019na Sekt\u00f6r\u2013Akademi \u0130\u015f Birli\u011fi Kapsam\u0131nda Anlaml\u0131 Ziyaret"},"content":{"rendered":"\t\t<div data-elementor-type=\"wp-post\" data-elementor-id=\"8968\" class=\"elementor elementor-8968\" data-elementor-post-type=\"post\">\n\t\t\t\t\t\t<section class=\"elementor-section elementor-top-section elementor-element elementor-element-74bd62f1 elementor-section-boxed elementor-section-height-default elementor-section-height-default\" data-id=\"74bd62f1\" data-element_type=\"section\">\n\t\t\t\t\t\t<div class=\"elementor-container elementor-column-gap-default\">\n\t\t\t\t\t<div class=\"elementor-column elementor-col-100 elementor-top-column elementor-element elementor-element-7d598ff0\" data-id=\"7d598ff0\" data-element_type=\"column\">\n\t\t\t<div class=\"elementor-widget-wrap elementor-element-populated\">\n\t\t\t\t\t\t<div class=\"elementor-element elementor-element-5c249b8d elementor-widget elementor-widget-text-editor\" data-id=\"5c249b8d\" data-element_type=\"widget\" data-widget_type=\"text-editor.default\">\n\t\t\t\t<div class=\"elementor-widget-container\">\n\t\t\t\t\t\t\t\t\t\n<p>Sivil Hava Ula\u015ft\u0131rma \u0130\u015fletmecili\u011fi Program\u0131 olarak bug\u00fcn; \u00f6\u011fretim elemanlar\u0131m\u0131z, \u00f6\u011frencilerimiz ve sekt\u00f6rde aktif olarak g\u00f6rev yapan mezunlar\u0131m\u0131zla birlikte Devlet Hava Meydanlar\u0131 \u0130\u015fletmesi Erzurum Ba\u015fm\u00fcd\u00fcrl\u00fc\u011f\u00fc ile \u00c7elebi Hava Servisi Erzurum \u0130stasyon M\u00fcd\u00fcrl\u00fc\u011f\u00fc\u2019n\u00fc ziyaret ettik.<\/p>\n\n\n\n<p>Ger\u00e7ekle\u015ftirdi\u011fimiz ziyaret kapsam\u0131nda; sekt\u00f6r\u2013akademi i\u015f birli\u011finin g\u00fc\u00e7lendirilmesi, gelece\u011fe y\u00f6nelik ortak projelerin geli\u015ftirilmesi ve yeni m\u00fcfredat olu\u015fturma s\u00fcre\u00e7lerine ili\u015fkin kapsaml\u0131 isti\u015farelerde bulunduk. Kar\u015f\u0131l\u0131kl\u0131 fikir al\u0131\u015fveri\u015fi ile hem \u00f6\u011frencilerimizin sekt\u00f6re daha donan\u0131ml\u0131 haz\u0131rlanmas\u0131na katk\u0131 sa\u011flayacak hem de havac\u0131l\u0131k alan\u0131ndaki geli\u015fmelere uyumlu e\u011fitim modelleri olu\u015fturma y\u00f6n\u00fcnde \u00f6nemli ad\u0131mlar att\u0131k.<\/p>\n\n\n\n<p>Nazik ev sahiplikleri ve de\u011ferli payla\u015f\u0131mlar\u0131 i\u00e7in t\u00fcm kurum yetkililerine te\u015fekk\u00fcr ederiz.<\/p>\n\t\t\t\t\t\t\t\t<\/div>\n\t\t\t\t<\/div>\n\t\t\t\t\t<\/div>\n\t\t<\/div>\n\t\t\t\t\t<\/div>\n\t\t<\/section>\n\t\t\t\t<section class=\"elementor-section elementor-top-section elementor-element elementor-element-f1894be elementor-section-boxed elementor-section-height-default elementor-section-height-default\" data-id=\"f1894be\" data-element_type=\"section\">\n\t\t\t\t\t\t<div class=\"elementor-container elementor-column-gap-default\">\n\t\t\t\t\t<div class=\"elementor-column elementor-col-100 elementor-top-column elementor-element elementor-element-d583ed5\" data-id=\"d583ed5\" data-element_type=\"column\">\n\t\t\t<div class=\"elementor-widget-wrap elementor-element-populated\">\n\t\t\t\t\t\t<div class=\"elementor-element elementor-element-7a91975 elementor-widget elementor-widget-image-gallery\" data-id=\"7a91975\" data-element_type=\"widget\" data-widget_type=\"image-gallery.default\">\n\t\t\t\t<div class=\"elementor-widget-container\">\n\t\t\t\t\t\t\t<div class=\"elementor-image-gallery\">\n\t\t\t\n<a data-elementor-open-lightbox=\"yes\" data-elementor-lightbox-slideshow=\"7a91975\" data-elementor-lightbox-title=\"WhatsApp Image 2026-04-16 at 09.28.26\" data-e-action-hash=\"#elementor-action%3Aaction%3Dlightbox%26settings%3DeyJpZCI6ODk3MCwidXJsIjoiaHR0cHM6XC9cL2F0YXVuaS5lZHUudHJcL3Nvc3lhbC1iaWxpbWxlci1tZXNsZWsteXVrc2Vrb2t1bHVcL3dwLWNvbnRlbnRcL3VwbG9hZHNcL3NpdGVzXC80NDZcLzIwMjZcLzA0XC9XaGF0c0FwcC1JbWFnZS0yMDI2LTA0LTE2LWF0LTA5LjI4LjI2LmpwZWciLCJzbGlkZXNob3ciOiI3YTkxOTc1In0%3D\" href='https:\/\/atauni.edu.tr\/sosyal-bilimler-meslek-yuksekokulu\/wp-content\/uploads\/sites\/446\/2026\/04\/WhatsApp-Image-2026-04-16-at-09.28.26.jpeg'><img decoding=\"async\" width=\"150\" height=\"150\" src=\"https:\/\/atauni.edu.tr\/sosyal-bilimler-meslek-yuksekokulu\/wp-content\/uploads\/sites\/446\/2026\/04\/WhatsApp-Image-2026-04-16-at-09.28.26-150x150.jpeg\" class=\"attachment-thumbnail size-thumbnail\" alt=\"\" \/><\/a>\n<a data-elementor-open-lightbox=\"yes\" data-elementor-lightbox-slideshow=\"7a91975\" data-elementor-lightbox-title=\"WhatsApp Image 2026-04-16 at 09.28.26 (1)\" data-e-action-hash=\"#elementor-action%3Aaction%3Dlightbox%26settings%3DeyJpZCI6ODk2OSwidXJsIjoiaHR0cHM6XC9cL2F0YXVuaS5lZHUudHJcL3Nvc3lhbC1iaWxpbWxlci1tZXNsZWsteXVrc2Vrb2t1bHVcL3dwLWNvbnRlbnRcL3VwbG9hZHNcL3NpdGVzXC80NDZcLzIwMjZcLzA0XC9XaGF0c0FwcC1JbWFnZS0yMDI2LTA0LTE2LWF0LTA5LjI4LjI2LTEuanBlZyIsInNsaWRlc2hvdyI6IjdhOTE5NzUifQ%3D%3D\" href='https:\/\/atauni.edu.tr\/sosyal-bilimler-meslek-yuksekokulu\/wp-content\/uploads\/sites\/446\/2026\/04\/WhatsApp-Image-2026-04-16-at-09.28.26-1.jpeg'><img decoding=\"async\" width=\"150\" height=\"150\" src=\"https:\/\/atauni.edu.tr\/sosyal-bilimler-meslek-yuksekokulu\/wp-content\/uploads\/sites\/446\/2026\/04\/WhatsApp-Image-2026-04-16-at-09.28.26-1-150x150.jpeg\" class=\"attachment-thumbnail size-thumbnail\" alt=\"\" \/><\/a>\n\t\t<\/div>\n\t\t\t\t\t\t<\/div>\n\t\t\t\t<\/div>\n\t\t\t\t\t<\/div>\n\t\t<\/div>\n\t\t\t\t\t<\/div>\n\t\t<\/section>\n\t\t\t\t<\/div>\n\t\t","protected":false},"excerpt":{"rendered":"<p>Sivil Hava Ula\u015ft\u0131rma \u0130\u015fletmecili\u011fi Program\u0131 olarak bug\u00fcn; \u00f6\u011fretim elemanlar\u0131m\u0131z, \u00f6\u011frencilerimiz ve sekt\u00f6rde aktif olarak g\u00f6rev yapan mezunlar\u0131m\u0131zla birlikte Devlet Hava Meydanlar\u0131 \u0130\u015fletmesi Erzurum Ba\u015fm\u00fcd\u00fcrl\u00fc\u011f\u00fc ile \u00c7elebi Hava Servisi Erzurum \u0130stasyon M\u00fcd\u00fcrl\u00fc\u011f\u00fc\u2019n\u00fc ziyaret ettik. Ger\u00e7ekle\u015ftirdi\u011fimiz ziyaret kapsam\u0131nda; sekt\u00f6r\u2013akademi i\u015f birli\u011finin g\u00fc\u00e7lendirilmesi, gelece\u011fe y\u00f6nelik ortak projelerin geli\u015ftirilmesi ve yeni m\u00fcfredat olu\u015fturma s\u00fcre\u00e7lerine ili\u015fkin kapsaml\u0131 isti\u015farelerde bulunduk. Kar\u015f\u0131l\u0131kl\u0131 [&hellip;]<\/p>\n","protected":false},"author":639,"featured_media":8970,"comment_status":"closed","ping_status":"closed","sticky":false,"template":"","format":"standard","meta":{"footnotes":""},"categories":[53],"tags":[],"class_list":["post-8968","post","type-post","status-publish","format-standard","has-post-thumbnail","hentry","category-etkinlikler"],"_links":{"self":[{"href":"https:\/\/atauni.edu.tr\/sosyal-bilimler-meslek-yuksekokulu\/wp-json\/wp\/v2\/posts\/8968","targetHints":{"allow":["GET"]}}],"collection":[{"href":"https:\/\/atauni.edu.tr\/sosyal-bilimler-meslek-yuksekokulu\/wp-json\/wp\/v2\/posts"}],"about":[{"href":"https:\/\/atauni.edu.tr\/sosyal-bilimler-meslek-yuksekokulu\/wp-json\/wp\/v2\/types\/post"}],"author":[{"embeddable":true,"href":"https:\/\/atauni.edu.tr\/sosyal-bilimler-meslek-yuksekokulu\/wp-json\/wp\/v2\/users\/639"}],"replies":[{"embeddable":true,"href":"https:\/\/atauni.edu.tr\/sosyal-bilimler-meslek-yuksekokulu\/wp-json\/wp\/v2\/comments?post=8968"}],"version-history":[{"count":4,"href":"https:\/\/atauni.edu.tr\/sosyal-bilimler-meslek-yuksekokulu\/wp-json\/wp\/v2\/posts\/8968\/revisions"}],"predecessor-version":[{"id":8974,"href":"https:\/\/atauni.edu.tr\/sosyal-bilimler-meslek-yuksekokulu\/wp-json\/wp\/v2\/posts\/8968\/revisions\/8974"}],"wp:featuredmedia":[{"embeddable":true,"href":"https:\/\/atauni.edu.tr\/sosyal-bilimler-meslek-yuksekokulu\/wp-json\/wp\/v2\/media\/8970"}],"wp:attachment":[{"href":"https:\/\/atauni.edu.tr\/sosyal-bilimler-meslek-yuksekokulu\/wp-json\/wp\/v2\/media?parent=8968"}],"wp:term":[{"taxonomy":"category","embeddable":true,"href":"https:\/\/atauni.edu.tr\/sosyal-bilimler-meslek-yuksekokulu\/wp-json\/wp\/v2\/categories?post=8968"},{"taxonomy":"post_tag","embeddable":true,"href":"https:\/\/atauni.edu.tr\/sosyal-bilimler-meslek-yuksekokulu\/wp-json\/wp\/v2\/tags?post=8968"}],"curies":[{"name":"wp","href":"https:\/\/api.w.org\/{rel}","templated":true}]}}