{"id":8996,"date":"2026-04-25T20:29:36","date_gmt":"2026-04-25T17:29:36","guid":{"rendered":"https:\/\/atauni.edu.tr\/sosyal-bilimler-meslek-yuksekokulu\/?p=8996"},"modified":"2026-04-25T20:31:19","modified_gmt":"2026-04-25T17:31:19","slug":"ilk-yardim-egitimine-anlamli-katilim-2","status":"publish","type":"post","link":"https:\/\/atauni.edu.tr\/sosyal-bilimler-meslek-yuksekokulu\/2026\/04\/25\/ilk-yardim-egitimine-anlamli-katilim-2\/","title":{"rendered":"\u0130lk Yard\u0131m E\u011fitimine Anlaml\u0131 Kat\u0131l\u0131m"},"content":{"rendered":"\t\t<div data-elementor-type=\"wp-post\" data-elementor-id=\"8996\" class=\"elementor elementor-8996\" data-elementor-post-type=\"post\">\n\t\t\t\t\t\t<section class=\"elementor-section elementor-top-section elementor-element elementor-element-21484c9c elementor-section-boxed elementor-section-height-default elementor-section-height-default\" data-id=\"21484c9c\" data-element_type=\"section\">\n\t\t\t\t\t\t<div class=\"elementor-container elementor-column-gap-default\">\n\t\t\t\t\t<div class=\"elementor-column elementor-col-100 elementor-top-column elementor-element elementor-element-159b877\" data-id=\"159b877\" data-element_type=\"column\">\n\t\t\t<div class=\"elementor-widget-wrap elementor-element-populated\">\n\t\t\t\t\t\t<div class=\"elementor-element elementor-element-7ee77a02 elementor-widget elementor-widget-text-editor\" data-id=\"7ee77a02\" data-element_type=\"widget\" data-widget_type=\"text-editor.default\">\n\t\t\t\t<div class=\"elementor-widget-container\">\n\t\t\t\t\t\t\t\t\t\n<p>Sosyal Bilimler Meslek Y\u00fcksekokulumuzda, Sa\u011fl\u0131k Bakanl\u0131\u011f\u0131 taraf\u0131ndan d\u00fczenlenen sertifikal\u0131 ilk yard\u0131m e\u011fitimine akademisyen ve \u00f6\u011frencilerimiz kat\u0131l\u0131m sa\u011flam\u0131\u015ft\u0131r.Sosyal Bilimler Meslek Y\u00fcksekokulumuz B\u00fcro Hizmetleri ve Sekreterlik B\u00f6l\u00fcm\u00fc hocalar\u0131m\u0131zdan \u00d6\u011fr. G\u00f6r. Mustafa Ali \u00d6ZAY ve \u00c7ocuk Geli\u015fimi B\u00f6l\u00fcm\u00fc hocalar\u0131m\u0131zdan \u00d6\u011fr. G\u00f6r. Esra KIZILIRMAK, Sivil Hava Ula\u015ft\u0131rma ve \u00c7ocuk Geli\u015fimi b\u00f6l\u00fcm\u00fc \u00f6\u011frencilerimiz ile, teorik ve uygulamal\u0131 a\u015famalardan olu\u015fan e\u011fitim program\u0131n\u0131 ba\u015far\u0131yla tamamlam\u0131\u015ft\u0131r.<br>Kat\u0131l\u0131mc\u0131lar\u0131m\u0131z, ilk yard\u0131m alan\u0131nda \u00f6nemli bir yetkinlik kazanarak hem mesleki geli\u015fimlerine hem de toplumsal sorumluluk bilincine de\u011ferli bir katk\u0131 sunmu\u015ftur.<br>E\u011fitime kat\u0131l\u0131m sa\u011flayan t\u00fcm akademisyenlerimizi ve \u00f6\u011frencilerimizi tebrik eder, ba\u015far\u0131lar\u0131n\u0131n devam\u0131n\u0131 dileriz.<\/p>\n\t\t\t\t\t\t\t\t<\/div>\n\t\t\t\t<\/div>\n\t\t\t\t\t<\/div>\n\t\t<\/div>\n\t\t\t\t\t<\/div>\n\t\t<\/section>\n\t\t\t\t<section class=\"elementor-section elementor-top-section elementor-element elementor-element-c14024b elementor-section-boxed elementor-section-height-default elementor-section-height-default\" data-id=\"c14024b\" data-element_type=\"section\">\n\t\t\t\t\t\t<div class=\"elementor-container elementor-column-gap-default\">\n\t\t\t\t\t<div class=\"elementor-column elementor-col-100 elementor-top-column elementor-element elementor-element-86adf84\" data-id=\"86adf84\" data-element_type=\"column\">\n\t\t\t<div class=\"elementor-widget-wrap elementor-element-populated\">\n\t\t\t\t\t\t<div class=\"elementor-element elementor-element-9366000 elementor-widget elementor-widget-image-gallery\" data-id=\"9366000\" data-element_type=\"widget\" data-widget_type=\"image-gallery.default\">\n\t\t\t\t<div class=\"elementor-widget-container\">\n\t\t\t\t\t\t\t<div class=\"elementor-image-gallery\">\n\t\t\t\n\t\t<style type=\"text\/css\">\n\t\t\t#gallery-1 {\n\t\t\t\tmargin: auto;\n\t\t\t}\n\t\t\t#gallery-1 .gallery-item {\n\t\t\t\tfloat: left;\n\t\t\t\tmargin-top: 10px;\n\t\t\t\ttext-align: center;\n\t\t\t\twidth: 25%;\n\t\t\t}\n\t\t\t#gallery-1 img {\n\t\t\t\tborder: 2px solid #cfcfcf;\n\t\t\t}\n\t\t\t#gallery-1 .gallery-caption {\n\t\t\t\tmargin-left: 0;\n\t\t\t}\n\t\t\t\/* see gallery_shortcode() in wp-includes\/media.php *\/\n\t\t<\/style>\n\t\t<div id='gallery-1' class='gallery galleryid-8996 gallery-columns-4 gallery-size-thumbnail'><dl class='gallery-item'>\n\t\t\t<dt class='gallery-icon landscape'>\n\t\t\t\t<a data-elementor-open-lightbox=\"yes\" data-elementor-lightbox-slideshow=\"9366000\" data-elementor-lightbox-title=\"cfc39c6a-192b-47b6-9fdd-921b86af3bab\" data-e-action-hash=\"#elementor-action%3Aaction%3Dlightbox%26settings%3DeyJpZCI6ODk5OCwidXJsIjoiaHR0cHM6XC9cL2F0YXVuaS5lZHUudHJcL3Nvc3lhbC1iaWxpbWxlci1tZXNsZWsteXVrc2Vrb2t1bHVcL3dwLWNvbnRlbnRcL3VwbG9hZHNcL3NpdGVzXC80NDZcLzIwMjZcLzA0XC9jZmMzOWM2YS0xOTJiLTQ3YjYtOWZkZC05MjFiODZhZjNiYWIuanBnIiwic2xpZGVzaG93IjoiOTM2NjAwMCJ9\" href='https:\/\/atauni.edu.tr\/sosyal-bilimler-meslek-yuksekokulu\/wp-content\/uploads\/sites\/446\/2026\/04\/cfc39c6a-192b-47b6-9fdd-921b86af3bab.jpg'><img decoding=\"async\" width=\"150\" height=\"150\" src=\"https:\/\/atauni.edu.tr\/sosyal-bilimler-meslek-yuksekokulu\/wp-content\/uploads\/sites\/446\/2026\/04\/cfc39c6a-192b-47b6-9fdd-921b86af3bab-150x150.jpg\" class=\"attachment-thumbnail size-thumbnail\" alt=\"\" \/><\/a>\n\t\t\t<\/dt><\/dl><dl class='gallery-item'>\n\t\t\t<dt class='gallery-icon portrait'>\n\t\t\t\t<a data-elementor-open-lightbox=\"yes\" data-elementor-lightbox-slideshow=\"9366000\" data-elementor-lightbox-title=\"f0bc13a8-c415-45db-bf7b-6dfcb236c78c\" data-e-action-hash=\"#elementor-action%3Aaction%3Dlightbox%26settings%3DeyJpZCI6OTAwMCwidXJsIjoiaHR0cHM6XC9cL2F0YXVuaS5lZHUudHJcL3Nvc3lhbC1iaWxpbWxlci1tZXNsZWsteXVrc2Vrb2t1bHVcL3dwLWNvbnRlbnRcL3VwbG9hZHNcL3NpdGVzXC80NDZcLzIwMjZcLzA0XC9mMGJjMTNhOC1jNDE1LTQ1ZGItYmY3Yi02ZGZjYjIzNmM3OGMuanBnIiwic2xpZGVzaG93IjoiOTM2NjAwMCJ9\" href='https:\/\/atauni.edu.tr\/sosyal-bilimler-meslek-yuksekokulu\/wp-content\/uploads\/sites\/446\/2026\/04\/f0bc13a8-c415-45db-bf7b-6dfcb236c78c.jpg'><img decoding=\"async\" width=\"150\" height=\"150\" src=\"https:\/\/atauni.edu.tr\/sosyal-bilimler-meslek-yuksekokulu\/wp-content\/uploads\/sites\/446\/2026\/04\/f0bc13a8-c415-45db-bf7b-6dfcb236c78c-150x150.jpg\" class=\"attachment-thumbnail size-thumbnail\" alt=\"\" \/><\/a>\n\t\t\t<\/dt><\/dl><dl class='gallery-item'>\n\t\t\t<dt class='gallery-icon portrait'>\n\t\t\t\t<a data-elementor-open-lightbox=\"yes\" data-elementor-lightbox-slideshow=\"9366000\" data-elementor-lightbox-title=\"20810fc9-3ad9-430a-bef4-908c1e044a1a\" data-e-action-hash=\"#elementor-action%3Aaction%3Dlightbox%26settings%3DeyJpZCI6ODk5NywidXJsIjoiaHR0cHM6XC9cL2F0YXVuaS5lZHUudHJcL3Nvc3lhbC1iaWxpbWxlci1tZXNsZWsteXVrc2Vrb2t1bHVcL3dwLWNvbnRlbnRcL3VwbG9hZHNcL3NpdGVzXC80NDZcLzIwMjZcLzA0XC8yMDgxMGZjOS0zYWQ5LTQzMGEtYmVmNC05MDhjMWUwNDRhMWEuanBnIiwic2xpZGVzaG93IjoiOTM2NjAwMCJ9\" href='https:\/\/atauni.edu.tr\/sosyal-bilimler-meslek-yuksekokulu\/wp-content\/uploads\/sites\/446\/2026\/04\/20810fc9-3ad9-430a-bef4-908c1e044a1a.jpg'><img decoding=\"async\" width=\"150\" height=\"150\" src=\"https:\/\/atauni.edu.tr\/sosyal-bilimler-meslek-yuksekokulu\/wp-content\/uploads\/sites\/446\/2026\/04\/20810fc9-3ad9-430a-bef4-908c1e044a1a-150x150.jpg\" class=\"attachment-thumbnail size-thumbnail\" alt=\"\" \/><\/a>\n\t\t\t<\/dt><\/dl><dl class='gallery-item'>\n\t\t\t<dt class='gallery-icon landscape'>\n\t\t\t\t<a data-elementor-open-lightbox=\"yes\" data-elementor-lightbox-slideshow=\"9366000\" data-elementor-lightbox-title=\"d49d3dca-2aca-4d88-907a-43bdcc00b92c\" data-e-action-hash=\"#elementor-action%3Aaction%3Dlightbox%26settings%3DeyJpZCI6ODk5OSwidXJsIjoiaHR0cHM6XC9cL2F0YXVuaS5lZHUudHJcL3Nvc3lhbC1iaWxpbWxlci1tZXNsZWsteXVrc2Vrb2t1bHVcL3dwLWNvbnRlbnRcL3VwbG9hZHNcL3NpdGVzXC80NDZcLzIwMjZcLzA0XC9kNDlkM2RjYS0yYWNhLTRkODgtOTA3YS00M2JkY2MwMGI5MmMuanBnIiwic2xpZGVzaG93IjoiOTM2NjAwMCJ9\" href='https:\/\/atauni.edu.tr\/sosyal-bilimler-meslek-yuksekokulu\/wp-content\/uploads\/sites\/446\/2026\/04\/d49d3dca-2aca-4d88-907a-43bdcc00b92c.jpg'><img loading=\"lazy\" decoding=\"async\" width=\"150\" height=\"150\" src=\"https:\/\/atauni.edu.tr\/sosyal-bilimler-meslek-yuksekokulu\/wp-content\/uploads\/sites\/446\/2026\/04\/d49d3dca-2aca-4d88-907a-43bdcc00b92c-150x150.jpg\" class=\"attachment-thumbnail size-thumbnail\" alt=\"\" \/><\/a>\n\t\t\t<\/dt><\/dl><br style=\"clear: both\" \/>\n\t\t<\/div>\n\t\t<\/div>\n\t\t\t\t\t\t<\/div>\n\t\t\t\t<\/div>\n\t\t\t\t\t<\/div>\n\t\t<\/div>\n\t\t\t\t\t<\/div>\n\t\t<\/section>\n\t\t\t\t<\/div>\n\t\t","protected":false},"excerpt":{"rendered":"<p>Sosyal Bilimler Meslek Y\u00fcksekokulumuzda, Sa\u011fl\u0131k Bakanl\u0131\u011f\u0131 taraf\u0131ndan d\u00fczenlenen sertifikal\u0131 ilk yard\u0131m e\u011fitimine akademisyen ve \u00f6\u011frencilerimiz kat\u0131l\u0131m sa\u011flam\u0131\u015ft\u0131r.Sosyal Bilimler Meslek Y\u00fcksekokulumuz B\u00fcro Hizmetleri ve Sekreterlik B\u00f6l\u00fcm\u00fc hocalar\u0131m\u0131zdan \u00d6\u011fr. G\u00f6r. Mustafa Ali \u00d6ZAY ve \u00c7ocuk Geli\u015fimi B\u00f6l\u00fcm\u00fc hocalar\u0131m\u0131zdan \u00d6\u011fr. G\u00f6r. Esra KIZILIRMAK, Sivil Hava Ula\u015ft\u0131rma ve \u00c7ocuk Geli\u015fimi b\u00f6l\u00fcm\u00fc \u00f6\u011frencilerimiz ile, teorik ve uygulamal\u0131 a\u015famalardan olu\u015fan e\u011fitim [&hellip;]<\/p>\n","protected":false},"author":639,"featured_media":8998,"comment_status":"closed","ping_status":"closed","sticky":false,"template":"","format":"standard","meta":{"footnotes":""},"categories":[53],"tags":[],"class_list":["post-8996","post","type-post","status-publish","format-standard","has-post-thumbnail","hentry","category-etkinlikler"],"_links":{"self":[{"href":"https:\/\/atauni.edu.tr\/sosyal-bilimler-meslek-yuksekokulu\/wp-json\/wp\/v2\/posts\/8996","targetHints":{"allow":["GET"]}}],"collection":[{"href":"https:\/\/atauni.edu.tr\/sosyal-bilimler-meslek-yuksekokulu\/wp-json\/wp\/v2\/posts"}],"about":[{"href":"https:\/\/atauni.edu.tr\/sosyal-bilimler-meslek-yuksekokulu\/wp-json\/wp\/v2\/types\/post"}],"author":[{"embeddable":true,"href":"https:\/\/atauni.edu.tr\/sosyal-bilimler-meslek-yuksekokulu\/wp-json\/wp\/v2\/users\/639"}],"replies":[{"embeddable":true,"href":"https:\/\/atauni.edu.tr\/sosyal-bilimler-meslek-yuksekokulu\/wp-json\/wp\/v2\/comments?post=8996"}],"version-history":[{"count":3,"href":"https:\/\/atauni.edu.tr\/sosyal-bilimler-meslek-yuksekokulu\/wp-json\/wp\/v2\/posts\/8996\/revisions"}],"predecessor-version":[{"id":9003,"href":"https:\/\/atauni.edu.tr\/sosyal-bilimler-meslek-yuksekokulu\/wp-json\/wp\/v2\/posts\/8996\/revisions\/9003"}],"wp:featuredmedia":[{"embeddable":true,"href":"https:\/\/atauni.edu.tr\/sosyal-bilimler-meslek-yuksekokulu\/wp-json\/wp\/v2\/media\/8998"}],"wp:attachment":[{"href":"https:\/\/atauni.edu.tr\/sosyal-bilimler-meslek-yuksekokulu\/wp-json\/wp\/v2\/media?parent=8996"}],"wp:term":[{"taxonomy":"category","embeddable":true,"href":"https:\/\/atauni.edu.tr\/sosyal-bilimler-meslek-yuksekokulu\/wp-json\/wp\/v2\/categories?post=8996"},{"taxonomy":"post_tag","embeddable":true,"href":"https:\/\/atauni.edu.tr\/sosyal-bilimler-meslek-yuksekokulu\/wp-json\/wp\/v2\/tags?post=8996"}],"curies":[{"name":"wp","href":"https:\/\/api.w.org\/{rel}","templated":true}]}}